{"id":6447,"date":"2023-12-20T10:06:15","date_gmt":"2023-12-20T10:06:15","guid":{"rendered":"https:\/\/used82.com\/?p=6447"},"modified":"2023-12-20T10:06:15","modified_gmt":"2023-12-20T10:06:15","slug":"kompleksi-turistik-rajska-banja-dikur-strehe-terroristesh-dhe-pike-luftimi-me-24-shtator","status":"publish","type":"post","link":"https:\/\/used82.com\/?p=6447","title":{"rendered":"Kompleksi turistik \u201cRajska Banja\u201d, dikur streh\u00eb terrorist\u00ebsh dhe pik\u00eb luftimi m\u00eb 24 shtator"},"content":{"rendered":"<p>Kompleksi turistik \u201cRajska Banja\u201d q\u00eb dje (e mart\u00eb) u mor n\u00ebn kontrollin e Agjencis\u00eb Kosovare t\u00eb Privatizimit, deri von\u00eb ka qen\u00eb streh\u00eb e terrorist\u00ebve t\u00eb pjes\u00ebtar\u00ebve t\u00eb t\u00eb ashtuquajtur\u00ebs \u2018Mbrojtja Civile\u2019, kurse drejtori i saj, Marko Saviq, ka qen\u00eb nj\u00ebri nga pjes\u00ebmarr\u00ebsit e sulmit terrorist t\u00eb 24 shtatorit n\u00eb fshatin Banjsk\u00eb t\u00eb Zve\u00e7anit.<\/p>\n<p>K\u00ebt\u00eb konstatim Kosovapress e ka m\u00ebsuar nga t\u00eb dh\u00ebnat e komunitetit t\u00eb inteligjenc\u00ebs n\u00eb Kosov\u00eb.<\/p>\n<div class=\"code-block code-block-43 code-block-pas-paragrafit-2t-inarticle\"><\/div>\n<p>Kosovapress ka siguruar fotografi t\u00eb Marko Saviqit, i cili shihet s\u00eb bashku me terrorist\u00ebt Vladimir Radivojeviq \u2013 Mami (bashk\u00ebpun\u00ebtor i af\u00ebrt i Milan Radoicic) dhe Uglesa Jarediq (shefi i truprojave t\u00eb Radoi\u00e7iq). Radivojeviq, s\u00eb bashku me Radoi\u00e7iq dhe 18 t\u00eb tjer\u00eb, kan\u00eb hyr\u00eb n\u00eb \u201cred notice\u201d t\u00eb Interpolit. Fotografia \u00ebsht\u00eb realizuar me 24 shtator 2023, dit\u00ebn kur Serbia kishte organizuar sulm terrorist n\u00eb fshatin Banjsk\u00eb.<\/p>\n<p><img loading=\"lazy\" decoding=\"async\" class=\"alignnone size-full wp-image-3870382\" src=\"https:\/\/telegrafi.com\/wp-content\/uploads\/2023\/12\/2-10-1.jpg\" alt=\"\" width=\"486\" height=\"467\" \/><\/p>\n<p>Kompleksi \u201cRajska Banja\u201d, dikur ka qen\u00eb nj\u00eb banj\u00eb termale e Kosov\u00ebs, kurse organet ilegale t\u00eb Serbis\u00eb kan\u00eb provuar q\u00eb ta p\u00ebrvet\u00ebsojn\u00eb duke u p\u00ebrpjekur q\u00eb t\u00eb investojn\u00eb, gjoja n\u00eb bashk\u00ebpunim me kish\u00ebn ortodokse.<\/p>\n<p>Mir\u00ebpo, sipas informacioneve q\u00eb ka siguruar Kosovapress, pik\u00ebrisht n\u00eb bodrumin e k\u00ebtij kompleksi, m\u00eb 25 shtator, \u00ebsht\u00eb gjendur nj\u00eb automjet i tipit \u201cOpel\u201d me armatim, i cili \u00ebsht\u00eb konfiskuar nga Policia e Kosov\u00ebs. Hap\u00ebsir\u00ebn e k\u00ebtij kompleksi, serb\u00ebt e kishin shfryt\u00ebzuar edhe p\u00ebr pozicionimin ndaj sulmit terrorist ndaj Policis\u00eb s\u00eb Kosov\u00ebs m\u00eb 24 shtator, kur u vra pjes\u00ebtari i Policis\u00eb Afrim Bunjaku.<\/p>\n","protected":false},"excerpt":{"rendered":"<p>Kompleksi turistik \u201cRajska Banja\u201d q\u00eb dje (e mart\u00eb) u mor n\u00ebn kontrollin e Agjencis\u00eb Kosovare&#8230;<\/p>\n","protected":false},"author":1,"featured_media":0,"comment_status":"open","ping_status":"open","sticky":false,"template":"","format":"standard","meta":{"om_disable_all_campaigns":false,"_monsterinsights_skip_tracking":false,"_monsterinsights_sitenote_active":false,"_monsterinsights_sitenote_note":"","_monsterinsights_sitenote_category":0,"_uf_show_specific_survey":0,"_uf_disable_surveys":false,"footnotes":""},"categories":[1],"tags":[],"class_list":["post-6447","post","type-post","status-publish","format-standard","hentry","category-uncategorized"],"aioseo_notices":[],"views":34,"_links":{"self":[{"href":"https:\/\/used82.com\/index.php?rest_route=\/wp\/v2\/posts\/6447","targetHints":{"allow":["GET"]}}],"collection":[{"href":"https:\/\/used82.com\/index.php?rest_route=\/wp\/v2\/posts"}],"about":[{"href":"https:\/\/used82.com\/index.php?rest_route=\/wp\/v2\/types\/post"}],"author":[{"embeddable":true,"href":"https:\/\/used82.com\/index.php?rest_route=\/wp\/v2\/users\/1"}],"replies":[{"embeddable":true,"href":"https:\/\/used82.com\/index.php?rest_route=%2Fwp%2Fv2%2Fcomments&post=6447"}],"version-history":[{"count":0,"href":"https:\/\/used82.com\/index.php?rest_route=\/wp\/v2\/posts\/6447\/revisions"}],"wp:attachment":[{"href":"https:\/\/used82.com\/index.php?rest_route=%2Fwp%2Fv2%2Fmedia&parent=6447"}],"wp:term":[{"taxonomy":"category","embeddable":true,"href":"https:\/\/used82.com\/index.php?rest_route=%2Fwp%2Fv2%2Fcategories&post=6447"},{"taxonomy":"post_tag","embeddable":true,"href":"https:\/\/used82.com\/index.php?rest_route=%2Fwp%2Fv2%2Ftags&post=6447"}],"curies":[{"name":"wp","href":"https:\/\/api.w.org\/{rel}","templated":true}]}}