{"id":6451,"date":"2023-12-20T19:09:11","date_gmt":"2023-12-20T19:09:11","guid":{"rendered":"https:\/\/used82.com\/?p=6451"},"modified":"2023-12-20T19:09:11","modified_gmt":"2023-12-20T19:09:11","slug":"ekskluzive-largohet-nga-pozita-komandanti-i-trafikut-rajonal-ne-prizren-pas-aksidentit-me-tre-te-vdekur","status":"publish","type":"post","link":"https:\/\/used82.com\/?p=6451","title":{"rendered":"Ekskluzive: Largohet nga pozita komandanti i Trafikut Rajonal n\u00eb Prizren pas aksidentit me tre t\u00eb vdekur"},"content":{"rendered":"<p><strong>Gara me vetura q\u00eb u mbajt t\u00eb shtun\u00ebn n\u00eb mbr\u00ebmje, n\u00eb kilometrin e 15-t\u00eb t\u00eb Autostrad\u00ebs \u201cIbrahim Rugova\u201d, p\u00ebrfundoi tragjikisht. Pasioni q\u00eb kishin p\u00ebr garat e tilla, ua mori jet\u00ebn tre t\u00eb rinjve, Lordon Syl\u00ebs, Molos Delij\u00ebs dhe Nue Bibajt. Ata u godit\u00ebn nga nj\u00ebra prej veturave q\u00eb po garonte me nj\u00eb vetur\u00eb tjet\u00ebr, me shpejt\u00ebsi t\u00eb \u2018\u00e7mendur\u2019, raporton Gazeta Sinjali.<\/strong><\/p>\n<p>Pik\u00ebrisht p\u00ebr gar\u00ebn ilegale q\u00eb ndodhi at\u00eb nat\u00eb,\u00a0<strong>Gazeta Sinjali<\/strong>\u00a0m\u00ebson ekskluzivisht se\u00a0<strong>Hasan T\u00ebrshana,<\/strong>\u00a0Komandanti i Trafikut n\u00eb Rajonin e Prizrenit \u00ebsht\u00eb\u00a0<strong><em>degraduar nga pozita.<\/em><\/strong><\/p>\n<div class=\"code-block code-block-3\"><\/div>\n<p>Lajmin e ka konfimruar p\u00ebr\u00a0<strong>Gazet\u00ebn Sinjali<\/strong>\u00a0edhe vet\u00eb T\u00ebrshana.<\/p>\n<p><em>\u201cPo, un\u00eb e kam marr\u00eb vendimin prej drejtorit t\u00eb P\u00ebrgjithsh\u00ebm\u201d,<\/em>\u00a0ka zbuluar T\u00ebrshana p\u00ebr\u00a0<strong>Gazet\u00ebn Sinjali.<\/strong><\/p>\n<div class=\"code-block code-block-4\"><\/div>\n<p>Ai ka treguar se tash e kan\u00eb zvendosur n\u00eb nj\u00eb pozit\u00eb tjet\u00ebr.<\/p>\n<div class=\"code-block code-block-5\"><\/div>\n<p><em>\u201cM\u00eb kan\u00eb \u00e7u m\u00eb nj\u00eb pozit\u00eb tj\u00ebt\u00ebr \u2013 tash jam n\u00eb sektorin e operativ\u00ebs\u201d,<\/em>\u00a0ka th\u00ebn\u00eb ish-komandanti i Trafikut Rajonal t\u00eb Prizrenit p\u00ebr\u00a0<strong>Gazet\u00ebn Sinjali.<\/strong><\/p>\n<p>P\u00ebr vendimin q\u00eb ka pranuar, ai ka th\u00ebn\u00eb se do ta shfryt\u00ebzoj\u00eb t\u00eb drejt\u00ebn e tij t\u00eb ankimimit.<\/p>\n<div class=\"code-block code-block-7\"><\/div>\n<p><em>\u201cUn\u00eb do t\u2019i shfryt\u00ebzoj t\u00eb drejtat e mija, sepse ajo zon\u00eb nuk \u00ebsht\u00eb zon\u00eb e p\u00ebrgjegj\u00ebsis\u00eb s\u00eb Nj\u00ebsis\u00eb s\u00eb Trafikut, \u00ebsht\u00eb zon\u00eb q\u00eb i p\u00ebrk\u00ebt Nj\u00ebsis\u00eb s\u00eb Autostradave\u201d.<\/em><\/p>\n<p><em>\u201cM\u00eb \u00ebsht\u00eb b\u00eb padrej\u00ebsi, mir\u00ebpo un\u00eb p\u00ebrmes rrug\u00ebve ligjor\u00eb do t\u2019i ndjek t\u00eb drejtat e mija\u201d,<\/em>\u00a0tha tutje T\u00ebrshana p\u00ebr\u00a0<strong>Gazet\u00ebn Sinjali.<\/strong><\/p>\n<div class=\"code-block code-block-6\"><\/div>\n<p>Se jan\u00eb marr\u00eb ndaj dy zyrtarev\u00eb policor\u00eb n\u00eb rajonin e Prizrenit, por pa i p\u00ebrmendur emrat e tyre, e ka konfimruat sot edhe ministri i Pun\u00ebve t\u00eb Brendshme, Xhelal Sve\u00e7la.<\/p>\n<p><em>\u201cNd\u00ebr masat e nd\u00ebrmarra deri m\u00eb tani \u00ebsht\u00eb inicimi i hetimeve disiplinore p\u00ebr p\u00ebrgjegj\u00ebsi menaxheriale, l\u00ebvizja e dy komandant\u00ebve t\u00eb Nj\u00ebsive t\u00eb Trafikut, plani i ri p\u00ebr siguri n\u00eb trafikun rrugor\u201d<\/em>, tha Sve\u00e7la, shkruan\u00a0<strong>Gazeta Sinjali.<\/strong><\/p>\n<div class=\"code-block code-block-8\"><\/div>\n<p>Ndryshe, nga gara me vetura q\u00eb u mbajt t\u00eb shtun\u00ebn n\u00eb mbr\u00ebmje, n\u00eb kilometrin e 15-t\u00eb t\u00eb Autostrad\u00ebs \u201cIbrahim Rugova\u201d, mbet\u00ebn t\u00eb vdkeur tre t\u00eb rinj:\u00a0<strong>Lordon Syl\u00ebs, Molos Delij\u00ebs dhe Nue Bibajt.<\/strong><\/p>\n<p>Ata u godit\u00ebn nga nj\u00ebra prej veturave q\u00eb po garonte me nj\u00eb vetur\u00eb tjet\u00ebr, me shpejt\u00ebsi t\u00eb \u2018\u00e7mendur\u2019.<\/p>\n<div class=\"adds__image mt-3 mb-3\"><\/div>\n<p>Arlind Syla, shoferi i vetur\u00ebs q\u00eb i goditi tre viktimat dhe Irfan Hoti, q\u00eb po garonte me t\u00eb, u arrestuan t\u00eb diel\u00ebn, si t\u00eb dyshuar lidhur me k\u00ebt\u00eb rast. Shofer\u00ebt e dy automjeteve tashm\u00eb ndodhen prapa grilave.<\/p>\n<p>Syla dhe Hoti jan\u00eb emra t\u00eb njohur p\u00ebr Policin\u00eb, p\u00ebr shkak t\u00eb numrit t\u00eb gjobave q\u00eb kan\u00eb shqiptuar ndaj tyre p\u00ebr kund\u00ebrvajtje n\u00eb trafik.<\/p>\n<p>Si\u00e7 m\u00ebson Sinjali, vet\u00ebm k\u00ebt\u00eb vit,\u00a0<strong><em>rreth 10 d\u00ebnime jan\u00eb shqiptuar nga Policia e Trafikut Rajonal n\u00eb Gjakov\u00eb\u00a0<\/em><\/strong>ndaj<strong><em>\u00a0<\/em>Arlind Syl\u00ebs<\/strong>, nd\u00ebrsa\u00a0<strong>Irfan Hoti<em>\u00a0\u00ebsht\u00eb gjobitur rreth 15 her\u00eb p\u00ebr shkelje t\u00eb rregullave n\u00eb trafik.<\/em><\/strong><\/p>\n<p>T\u00eb nj\u00ebjtat burime kan\u00eb b\u00ebr\u00eb me dije se Irfan Hotit para disa muajsh i ishte konfiskuar patent\u00eb shoferi p\u00ebr tre muaj.<\/p>\n<p>Ndryshe, aksidenti n\u00eb Prizren q\u00eb tronditi t\u00eb gjith\u00eb ka alarmuar edhe shtetin.<\/p>\n<p>Ministri i Pun\u00ebve t\u00eb Brendshme<em>,\u00a0<\/em>Xhelal Sve\u00e7la, ka paralajm\u00ebruar t\u00eb m\u00ebrkur\u00ebn ashp\u00ebrsim t\u00eb masave p\u00ebr shkel\u00ebsit e rregullave n\u00eb trafik.<\/p>\n<p>Ai e ka p\u00ebrmendur se vet\u00ebm dit\u00ebve t\u00eb fundit kan\u00eb vdekur kat\u00ebr individ\u00eb nga aksidentet n\u00eb trafik, tre prej tyre si pasoj\u00eb e garave t\u00eb jasht\u00ebligjshme automobilistike n\u00eb autostrad\u00ebn Ibrahim Rugova n\u00eb Prizren.<\/p>\n<p>Sve\u00e7la ka th\u00ebn\u00eb se p\u00ebrmes masave q\u00eb do t\u00eb merren ndaj shkel\u00ebsve, masa do t\u00eb ket\u00eb edhe ndaj, si\u00e7 ka th\u00ebn\u00eb ai, neglizhenc\u00ebs s\u00eb zyrtar\u00ebve policor\u00eb p\u00ebr trajtim me prioritet t\u00eb garave t\u00eb paligjshme.<\/p>\n<p>Ai ka th\u00ebn\u00eb se vet\u00ebm k\u00ebt\u00eb vit jan\u00eb dh\u00ebn\u00eb 76 gjoba ndaj personave q\u00eb kan\u00eb organizuar gara t\u00eb tilla, q\u00eb shkaktojn\u00eb rrezik t\u00eb p\u00ebrgjithsh\u00ebm n\u00eb komunikacion.<\/p>\n<p>Sve\u00e7la ka th\u00ebn\u00eb se n\u00eb kuad\u00ebr t\u00eb ndryshimeve n\u00eb ligjin p\u00ebr trafik do t\u00eb k\u00ebrkoj\u00eb q\u00eb garat e paligjshme t\u00eb konsiderohen vep\u00ebr penale.<\/p>\n<p>\u201c<em>Policia e Kosov\u00ebs, t\u00eb nj\u00ebjtin grup e kishte parandaluar dy her\u00eb n\u00eb organizmin e garave t\u00eb tilla. Si\u00e7 tashm\u00eb \u00ebsht\u00eb b\u00ebr\u00eb publike n\u00eb shum\u00eb media, t\u00eb nj\u00ebjtit kan\u00eb pasuar gjoba t\u00eb nj\u00ebpasnj\u00ebshme p\u00ebr tejkalim shpejt\u00ebsie, dhe nj\u00ebrit i \u00ebsht\u00eb konfiskuar patent-shoferi p\u00ebr filmim dhe publikim t\u00eb k\u00ebtyre garave<\/em>\u201d, tha ai.<\/p>\n","protected":false},"excerpt":{"rendered":"<p>Gara me vetura q\u00eb u mbajt t\u00eb shtun\u00ebn n\u00eb mbr\u00ebmje, n\u00eb kilometrin e 15-t\u00eb t\u00eb&#8230;<\/p>\n","protected":false},"author":1,"featured_media":0,"comment_status":"open","ping_status":"open","sticky":false,"template":"","format":"standard","meta":{"om_disable_all_campaigns":false,"_monsterinsights_skip_tracking":false,"_monsterinsights_sitenote_active":false,"_monsterinsights_sitenote_note":"","_monsterinsights_sitenote_category":0,"_uf_show_specific_survey":0,"_uf_disable_surveys":false,"footnotes":""},"categories":[1],"tags":[],"class_list":["post-6451","post","type-post","status-publish","format-standard","hentry","category-uncategorized"],"aioseo_notices":[],"views":36,"_links":{"self":[{"href":"https:\/\/used82.com\/index.php?rest_route=\/wp\/v2\/posts\/6451","targetHints":{"allow":["GET"]}}],"collection":[{"href":"https:\/\/used82.com\/index.php?rest_route=\/wp\/v2\/posts"}],"about":[{"href":"https:\/\/used82.com\/index.php?rest_route=\/wp\/v2\/types\/post"}],"author":[{"embeddable":true,"href":"https:\/\/used82.com\/index.php?rest_route=\/wp\/v2\/users\/1"}],"replies":[{"embeddable":true,"href":"https:\/\/used82.com\/index.php?rest_route=%2Fwp%2Fv2%2Fcomments&post=6451"}],"version-history":[{"count":0,"href":"https:\/\/used82.com\/index.php?rest_route=\/wp\/v2\/posts\/6451\/revisions"}],"wp:attachment":[{"href":"https:\/\/used82.com\/index.php?rest_route=%2Fwp%2Fv2%2Fmedia&parent=6451"}],"wp:term":[{"taxonomy":"category","embeddable":true,"href":"https:\/\/used82.com\/index.php?rest_route=%2Fwp%2Fv2%2Fcategories&post=6451"},{"taxonomy":"post_tag","embeddable":true,"href":"https:\/\/used82.com\/index.php?rest_route=%2Fwp%2Fv2%2Ftags&post=6451"}],"curies":[{"name":"wp","href":"https:\/\/api.w.org\/{rel}","templated":true}]}}