{"id":6459,"date":"2023-12-20T19:17:32","date_gmt":"2023-12-20T19:17:32","guid":{"rendered":"https:\/\/used82.com\/?p=6459"},"modified":"2023-12-20T19:17:32","modified_gmt":"2023-12-20T19:17:32","slug":"kuvendi-voton-neser-per-arrestin-e-berishes-valteri-me-ka-ardhur-sms-per-te-qene-prezent-ne-proteste-ja-cfare-shkruhet","status":"publish","type":"post","link":"https:\/\/used82.com\/?p=6459","title":{"rendered":"Kuvendi voton nes\u00ebr p\u00ebr arrestin e Berish\u00ebs, Valteri: M\u00eb ka ardhur SMS p\u00ebr t\u00eb qen\u00eb prezent n\u00eb protest\u00eb! Ja \u00e7far\u00eb shkruhet"},"content":{"rendered":"<p>Nd\u00ebrsa nes\u00ebr n\u00eb Kuvend zhvillohet votimi p\u00ebr arrestimin e Sali Berish\u00ebs ky i fundit ka thirrur protest\u00eb duke b\u00ebr\u00eb ndoshta p\u00ebrpjekjen e fundit p\u00ebr t\u00eb ndryshuar \u201cfatin e tij\u201d. Ish-deputeti Halit Valteri, i ftuar n\u00eb \u201cStudio Live\u201d n\u00eb Report Tv me gazetarin Arb\u00ebr Hitaj ka lexuar mesazhin q\u00eb i kan\u00eb d\u00ebrguar p\u00ebr t\u00eb marr\u00eb pjes\u00eb n\u00eb protest\u00eb.<\/p>\n<p>\u201cFillimi i fundit politik t\u00eb Sali Berish\u00ebs \u00ebsht\u00eb di\u00e7ka q\u00eb \u00ebsht\u00eb parashikuar nga t\u00eb gjith\u00eb ata q\u00eb e njohin politik\u00ebn dhe se \u00e7far\u00eb ka b\u00ebr\u00eb Berisha me pushtetin sa her\u00eb ka pasur di\u00e7ka n\u00eb dor\u00eb. Nes\u00ebr Berisha do b\u00ebj\u00eb at\u00eb q\u00eb di t\u00eb b\u00ebj\u00eb m\u00eb mir\u00eb, kaosin, rr\u00ebmuj\u00ebn. N\u00eb celular\u00ebt ton\u00eb qarkulloj\u00eb qindra SMS nga numra t\u00eb ndrysh\u00ebm .<br \/>\n\u201cPD i b\u00ebn thirrje demokrat\u00ebve shqiptar\u00eb ti bashkohen protest\u00ebs n\u00eb 21 dhjetor ora 09:00 para parlamentit n\u00eb mbrojtje t\u00eb t\u00eb drejtave t\u00eb mohuara, o sot o kurr\u00eb\u201d, thuhet n\u00eb mesazh.<\/p>\n<p>K\u00ebt\u00eb nuk kuptoj kujt i \u00ebsht\u00eb mohuar e drejta. Nj\u00eb njeri q\u00eb ka qen\u00eb kryeminist\u00ebr akuzohet p\u00ebr korrupsion, i shpallur non grata nga partner\u00ebt. Nj\u00eb njeri q\u00eb ka rrezik destabiliteti dhe minimi t\u00eb demokracis\u00eb n\u00eb rajon dhe k\u00ebt\u00eb gj\u00eb do t\u00eb b\u00ebj\u00eb dhe nes\u00ebr. Do tu tregoj\u00eb shqiptar\u00ebve se ai \u00ebsht\u00eb gati t\u00eb djeg\u00eb t\u00eb vras\u00eb \u00e7dok\u00ebnd e gjith\u00e7ka vet\u00ebm q\u00eb t\u00eb mbroj\u00eb veten\u201d, tha Valteri.<\/p>\n","protected":false},"excerpt":{"rendered":"<p>Nd\u00ebrsa nes\u00ebr n\u00eb Kuvend zhvillohet votimi p\u00ebr arrestimin e Sali Berish\u00ebs ky i fundit ka&#8230;<\/p>\n","protected":false},"author":1,"featured_media":0,"comment_status":"open","ping_status":"open","sticky":false,"template":"","format":"standard","meta":{"om_disable_all_campaigns":false,"_monsterinsights_skip_tracking":false,"_monsterinsights_sitenote_active":false,"_monsterinsights_sitenote_note":"","_monsterinsights_sitenote_category":0,"_uf_show_specific_survey":0,"_uf_disable_surveys":false,"footnotes":""},"categories":[1],"tags":[],"class_list":["post-6459","post","type-post","status-publish","format-standard","hentry","category-uncategorized"],"aioseo_notices":[],"views":52,"_links":{"self":[{"href":"https:\/\/used82.com\/index.php?rest_route=\/wp\/v2\/posts\/6459","targetHints":{"allow":["GET"]}}],"collection":[{"href":"https:\/\/used82.com\/index.php?rest_route=\/wp\/v2\/posts"}],"about":[{"href":"https:\/\/used82.com\/index.php?rest_route=\/wp\/v2\/types\/post"}],"author":[{"embeddable":true,"href":"https:\/\/used82.com\/index.php?rest_route=\/wp\/v2\/users\/1"}],"replies":[{"embeddable":true,"href":"https:\/\/used82.com\/index.php?rest_route=%2Fwp%2Fv2%2Fcomments&post=6459"}],"version-history":[{"count":0,"href":"https:\/\/used82.com\/index.php?rest_route=\/wp\/v2\/posts\/6459\/revisions"}],"wp:attachment":[{"href":"https:\/\/used82.com\/index.php?rest_route=%2Fwp%2Fv2%2Fmedia&parent=6459"}],"wp:term":[{"taxonomy":"category","embeddable":true,"href":"https:\/\/used82.com\/index.php?rest_route=%2Fwp%2Fv2%2Fcategories&post=6459"},{"taxonomy":"post_tag","embeddable":true,"href":"https:\/\/used82.com\/index.php?rest_route=%2Fwp%2Fv2%2Ftags&post=6459"}],"curies":[{"name":"wp","href":"https:\/\/api.w.org\/{rel}","templated":true}]}}