{"id":6463,"date":"2023-12-20T19:23:44","date_gmt":"2023-12-20T19:23:44","guid":{"rendered":"https:\/\/used82.com\/?p=6463"},"modified":"2023-12-20T19:23:44","modified_gmt":"2023-12-20T19:23:44","slug":"lajmi-i-mire-tirana-perzgjidhet-si-kryeqyteti-mesdhetar-i-kultures-dhe-dialogut-2025-veliaj-tirana-do-te-shkelqeje-urime-te-gjitheve","status":"publish","type":"post","link":"https:\/\/used82.com\/?p=6463","title":{"rendered":"Lajmi i mir\u00eb, Tirana p\u00ebrzgjidhet si \u201cKryeqyteti Mesdhetar i Kultur\u00ebs dhe Dialogut 2025\u201d, Veliaj: \u201cTirana do t\u00eb shk\u00eblqej\u00eb! Urime t\u00eb gjith\u00ebve!\u201d"},"content":{"rendered":"<p>Pas titujve si Kryeqyteti Europian i Rinis\u00eb dhe Qyteti Europian i Sportit, Tirana eshte shpallur edhe si Kryeqyteti Mesdhetar i Kultur\u00ebs dhe Dialogut per vitin 2025.<\/p>\n<p>Lajmin e mire e ka dh\u00ebn\u00eb kryetari i Bashkis\u00eb s\u00eb Tiran\u00ebs, Erion Veliaj, i cili nuk e ka fshehur entuziazmin per titullin e ri qe do te mbaje kryeqyteti i shqiptareve.<\/p>\n<p>\u201cHej grupi, jemi shum\u00eb t\u00eb g\u00ebzuar n\u00eb Bashkin\u00eb e Tiran\u00ebs. Sapo kemi marr\u00eb lajmin q\u00eb Tirana \u00ebsht\u00eb fituese p\u00ebr titullin \u201cKryeqyteti Mesdhetar i Kultur\u00ebs dhe Dialogut\u201d p\u00ebr 2025.<\/p>\n<p>Mbas Vitit t\u00eb Rinis\u00eb dhe Vitit t\u00eb Sportit, n\u00eb vitin 2024 do t\u00eb presim B40, q\u00eb \u00ebsht\u00eb shoqata m\u00eb e madhe e bashkive n\u00eb rajon, ku Tirana mban Presidenc\u00ebn, do t\u00eb b\u00ebhemi gati p\u00ebr nj\u00eb super vit 2025, ku Tirana jo vet\u00ebm do t\u00eb shk\u00eblqej\u00eb, si\u00e7 ka shk\u00eblqyer gjith\u00eb k\u00ebto koh\u00eb, por do t\u00eb ket\u00eb aktivitetin kulturor m\u00eb t\u00eb pasur n\u00eb Mesdhe. I gjith\u00eb Mesdheu do t\u00eb jet\u00eb n\u00eb Tiran\u00eb p\u00ebr kultur\u00ebn q\u00eb ofron Tirana, kryeqyteti yn\u00eb. Forca dhe g\u00ebzuar. Urime t\u00eb gjith\u00ebve!\u201d shprehet Veliaj.<\/p>\n","protected":false},"excerpt":{"rendered":"<p>Pas titujve si Kryeqyteti Europian i Rinis\u00eb dhe Qyteti Europian i Sportit, Tirana eshte shpallur&#8230;<\/p>\n","protected":false},"author":1,"featured_media":0,"comment_status":"open","ping_status":"open","sticky":false,"template":"","format":"standard","meta":{"om_disable_all_campaigns":false,"_monsterinsights_skip_tracking":false,"_monsterinsights_sitenote_active":false,"_monsterinsights_sitenote_note":"","_monsterinsights_sitenote_category":0,"_uf_show_specific_survey":0,"_uf_disable_surveys":false,"footnotes":""},"categories":[1],"tags":[],"class_list":["post-6463","post","type-post","status-publish","format-standard","hentry","category-uncategorized"],"aioseo_notices":[],"views":58,"_links":{"self":[{"href":"https:\/\/used82.com\/index.php?rest_route=\/wp\/v2\/posts\/6463","targetHints":{"allow":["GET"]}}],"collection":[{"href":"https:\/\/used82.com\/index.php?rest_route=\/wp\/v2\/posts"}],"about":[{"href":"https:\/\/used82.com\/index.php?rest_route=\/wp\/v2\/types\/post"}],"author":[{"embeddable":true,"href":"https:\/\/used82.com\/index.php?rest_route=\/wp\/v2\/users\/1"}],"replies":[{"embeddable":true,"href":"https:\/\/used82.com\/index.php?rest_route=%2Fwp%2Fv2%2Fcomments&post=6463"}],"version-history":[{"count":0,"href":"https:\/\/used82.com\/index.php?rest_route=\/wp\/v2\/posts\/6463\/revisions"}],"wp:attachment":[{"href":"https:\/\/used82.com\/index.php?rest_route=%2Fwp%2Fv2%2Fmedia&parent=6463"}],"wp:term":[{"taxonomy":"category","embeddable":true,"href":"https:\/\/used82.com\/index.php?rest_route=%2Fwp%2Fv2%2Fcategories&post=6463"},{"taxonomy":"post_tag","embeddable":true,"href":"https:\/\/used82.com\/index.php?rest_route=%2Fwp%2Fv2%2Ftags&post=6463"}],"curies":[{"name":"wp","href":"https:\/\/api.w.org\/{rel}","templated":true}]}}