{"id":6469,"date":"2023-12-20T19:27:50","date_gmt":"2023-12-20T19:27:50","guid":{"rendered":"https:\/\/used82.com\/?p=6469"},"modified":"2023-12-20T19:27:50","modified_gmt":"2023-12-20T19:27:50","slug":"te-jap-zemren-mos-e-flak-postimi-i-shqiptarit-para-vrasjes-se-gruas-shtatzene","status":"publish","type":"post","link":"https:\/\/used82.com\/?p=6469","title":{"rendered":"\u201cT\u00eb jap zemr\u00ebn, mos e flak\u201d- Postimi i shqiptarit para vrasjes s\u00eb gruas shtatz\u00ebn\u00eb"},"content":{"rendered":"<p><strong><em>Detaje t\u00eb reja jan\u00eb publikuar nga mediat italiane n\u00eb lidhje me vrasjen e 27-vje\u00e7ares Vanessa Ballan m\u00ebngjesin e s\u00eb mart\u00ebs 19 dhjetor, n\u00eb Treviso.<\/em><\/strong><\/p>\n<div class=\"des-adv\"><\/div>\n<p>Autori dyshohet t\u00eb jet\u00eb Bujar Fandaj, nj\u00eb 41-vje\u00e7ar shqiptar me origjin\u00eb nga Kosova.<\/p>\n<div class=\"des-adv shteti\"><\/div>\n<p>N\u00eb nj\u00eb video t\u00eb publikuar n\u00eb Tik Tok pak p\u00ebrpara kryerjes s\u00eb krimit, Fandaj kishte shp\u00ebrndar\u00eb nj\u00eb mesazh p\u00ebr nj\u00eb lidhje t\u00eb komplikuar dashurie.<\/p>\n<div class=\"des-adv jashtshteti\"><\/div>\n<p><em>\u201cT\u00eb jap zemr\u00ebn time, por mos mendo kurr\u00eb ta flak\u00ebsh. Sepse po t\u00eb largohet nga zemra, nuk do t\u00eb kthehesh m\u00eb\u201d,\u00a0<\/em>thuhet n\u00eb mesazhin e p\u00ebrcjell\u00eb p\u00ebrmes audios.<\/p>\n<p>Nga nj\u00eb kqyrje n\u00eb profilin e shqiptarit n\u00eb Tik Tok, shihet se koh\u00ebt e fundit t\u00eb gjitha postimet i detyroheshin komplikimeve q\u00eb ai kishte n\u00eb jet\u00ebn sentimentale.<\/p>\n<div class=\"des-adv shteti\"><\/div>\n<p>27-vje\u00e7arja dyshohet se ka pasur nj\u00eb lidhje jasht\u00ebmartesore me Bujar Fandaj, t\u00eb cil\u00ebs dyshohet se i ka dh\u00ebn\u00eb fund pak koh\u00eb m\u00eb par\u00eb.<\/p>\n<div class=\"des-adv jashtshteti\"><\/div>\n<p>Pas ndarjes kan\u00eb lindur dhe p\u00ebrplasjet mes 27-vje\u00e7ares dhe 41-vje\u00e7arit shqiptar, ku ky i fundit e shantazhonte se do t\u2019i publikonte video intime.<\/p>\n<div class=\"des-adv shteti\"><\/div>\n<p>27-vje\u00e7arja, e cila ishte shtatz\u00ebn\u00eb n\u00eb momentin e ekzekutimit, e ka denoncuar n\u00eb polici 41-vje\u00e7arin p\u00ebr p\u00ebrndjekje.<\/p>\n<div class=\"des-adv jashtshteti\"><\/div>\n<p>Ajo banonte n\u00eb Riese Pio X me partnerin e saj, si dhe me djalin e tyre 4-vje\u00e7ar.<\/p>\n<p>Shqiptari hartoi planin e hakmarrjes dhe e vuri n\u00eb zbatimin m\u00ebngjesin e s\u00eb mart\u00ebs. Me furgonin e pun\u00ebs si korrier, ai shkoi n\u00eb banes\u00ebn e Vanes\u00ebs, parkoi mjetin dhe doli n\u00eb pjes\u00ebn e pasme t\u00eb sht\u00ebpis\u00eb.<\/p>\n<div class=\"des-adv shteti\"><\/div>\n<p>41-vje\u00e7ari theu xhamin e pas\u00ebm, dh\u00eb mundi t\u00eb futej n\u00eb godin\u00ebn ku banonte ish-e dashura.<\/p>\n<p>Me nj\u00eb thik\u00eb n\u00eb dor\u00eb ai e ekzekutoi 27-vje\u00e7aren, duke e q\u00eblluar 7 her\u00eb n\u00eb bark.<\/p>\n","protected":false},"excerpt":{"rendered":"<p>Detaje t\u00eb reja jan\u00eb publikuar nga mediat italiane n\u00eb lidhje me vrasjen e 27-vje\u00e7ares Vanessa&#8230;<\/p>\n","protected":false},"author":1,"featured_media":0,"comment_status":"open","ping_status":"open","sticky":false,"template":"","format":"standard","meta":{"om_disable_all_campaigns":false,"_monsterinsights_skip_tracking":false,"_monsterinsights_sitenote_active":false,"_monsterinsights_sitenote_note":"","_monsterinsights_sitenote_category":0,"_uf_show_specific_survey":0,"_uf_disable_surveys":false,"footnotes":""},"categories":[1],"tags":[],"class_list":["post-6469","post","type-post","status-publish","format-standard","hentry","category-uncategorized"],"aioseo_notices":[],"views":43,"_links":{"self":[{"href":"https:\/\/used82.com\/index.php?rest_route=\/wp\/v2\/posts\/6469","targetHints":{"allow":["GET"]}}],"collection":[{"href":"https:\/\/used82.com\/index.php?rest_route=\/wp\/v2\/posts"}],"about":[{"href":"https:\/\/used82.com\/index.php?rest_route=\/wp\/v2\/types\/post"}],"author":[{"embeddable":true,"href":"https:\/\/used82.com\/index.php?rest_route=\/wp\/v2\/users\/1"}],"replies":[{"embeddable":true,"href":"https:\/\/used82.com\/index.php?rest_route=%2Fwp%2Fv2%2Fcomments&post=6469"}],"version-history":[{"count":0,"href":"https:\/\/used82.com\/index.php?rest_route=\/wp\/v2\/posts\/6469\/revisions"}],"wp:attachment":[{"href":"https:\/\/used82.com\/index.php?rest_route=%2Fwp%2Fv2%2Fmedia&parent=6469"}],"wp:term":[{"taxonomy":"category","embeddable":true,"href":"https:\/\/used82.com\/index.php?rest_route=%2Fwp%2Fv2%2Fcategories&post=6469"},{"taxonomy":"post_tag","embeddable":true,"href":"https:\/\/used82.com\/index.php?rest_route=%2Fwp%2Fv2%2Ftags&post=6469"}],"curies":[{"name":"wp","href":"https:\/\/api.w.org\/{rel}","templated":true}]}}