{"id":6471,"date":"2023-12-20T19:29:15","date_gmt":"2023-12-20T19:29:15","guid":{"rendered":"https:\/\/used82.com\/?p=6471"},"modified":"2023-12-20T19:32:07","modified_gmt":"2023-12-20T19:32:07","slug":"kreu-i-ushtrise-belge-pas-ukraines-putin-mund-te-sulmoje-shtetet-baltike-dhe-moldavine","status":"publish","type":"post","link":"https:\/\/used82.com\/?p=6471","title":{"rendered":"Kreu i ushtris\u00eb belge: Pas Ukrain\u00ebs, Putin mund t\u00eb sulmoj\u00eb shtetet baltike dhe Moldavin\u00eb"},"content":{"rendered":"<p>Pas Ukrain\u00ebs, objektivat e radh\u00ebs t\u00eb Vladimir Putinit mund t\u00eb jen\u00eb Moldavia dhe shtetet baltike, ka paralajm\u00ebruar kreu i forcave t\u00eb armatosura belge, Michel Hoffmann.<\/p>\n<p>\u201cRusia ka treguar tashm\u00eb vullnetin p\u00ebr t\u00eb sulmuar nj\u00eb fqinj,\u201d tha Hoffmann p\u00ebr rrjetin belg t\u00eb lajmeve VRT duke vizituar ushtar\u00ebt belg\u00eb q\u00eb jan\u00eb vendosur n\u00eb Rumani.<\/p>\n<p>Dhe megjith\u00ebse Putin s\u00eb fundmi e quajti komentin e Biden p\u00ebr Rusin\u00eb q\u00eb planifikon t\u00eb sulmoj\u00eb nj\u00eb vend t\u00eb NATO-s \u201cpakuptim\u201d, sipas Hoffman, gjuha e presidentit rus \u201c\u00ebsht\u00eb gjithmon\u00eb e paqart\u00eb.<\/p>\n<p>Ai shtoi se \u201cEuropa duhet t\u00eb p\u00ebrgatitet urgjentisht dhe ta b\u00ebj\u00eb t\u00eb qart\u00eb se mund t\u00eb mbroj\u00eb veten\u201d dhe \u201cse do t\u00eb luftoj\u00eb kund\u00ebr n\u00ebse \u00ebsht\u00eb e nevojshme\u201d.<\/p>\n<p>Hoffman paralajm\u00ebroi se \u201cRusia \u00ebsht\u00eb kthyer n\u00eb industrin\u00eb e luft\u00ebs\u201d dhe megjith\u00ebse forcat e Putinit duken t\u00eb dob\u00ebsuara nga lufta e vazhdueshme n\u00eb Ukrain\u00eb, kjo dob\u00ebsi \u00ebsht\u00eb \u201ce p\u00ebrkohshme\u201d dhe n\u00ebse Moska fiton luft\u00ebn \u201cn\u00eb nj\u00eb moment ajo do t\u00eb ringjall\u00eb makinerin\u00eb e saj t\u00eb luft\u00ebs dhe do t\u00eb rigrupoj\u00eb forcat e saj t\u00eb armatosura\u201d.<\/p>\n","protected":false},"excerpt":{"rendered":"<p>Pas Ukrain\u00ebs, objektivat e radh\u00ebs t\u00eb Vladimir Putinit mund t\u00eb jen\u00eb Moldavia dhe shtetet baltike,&#8230;<\/p>\n","protected":false},"author":1,"featured_media":0,"comment_status":"open","ping_status":"open","sticky":false,"template":"","format":"standard","meta":{"om_disable_all_campaigns":false,"_monsterinsights_skip_tracking":false,"_monsterinsights_sitenote_active":false,"_monsterinsights_sitenote_note":"","_monsterinsights_sitenote_category":0,"_uf_show_specific_survey":0,"_uf_disable_surveys":false,"footnotes":""},"categories":[1],"tags":[],"class_list":["post-6471","post","type-post","status-publish","format-standard","hentry","category-uncategorized"],"aioseo_notices":[],"views":32,"_links":{"self":[{"href":"https:\/\/used82.com\/index.php?rest_route=\/wp\/v2\/posts\/6471","targetHints":{"allow":["GET"]}}],"collection":[{"href":"https:\/\/used82.com\/index.php?rest_route=\/wp\/v2\/posts"}],"about":[{"href":"https:\/\/used82.com\/index.php?rest_route=\/wp\/v2\/types\/post"}],"author":[{"embeddable":true,"href":"https:\/\/used82.com\/index.php?rest_route=\/wp\/v2\/users\/1"}],"replies":[{"embeddable":true,"href":"https:\/\/used82.com\/index.php?rest_route=%2Fwp%2Fv2%2Fcomments&post=6471"}],"version-history":[{"count":0,"href":"https:\/\/used82.com\/index.php?rest_route=\/wp\/v2\/posts\/6471\/revisions"}],"wp:attachment":[{"href":"https:\/\/used82.com\/index.php?rest_route=%2Fwp%2Fv2%2Fmedia&parent=6471"}],"wp:term":[{"taxonomy":"category","embeddable":true,"href":"https:\/\/used82.com\/index.php?rest_route=%2Fwp%2Fv2%2Fcategories&post=6471"},{"taxonomy":"post_tag","embeddable":true,"href":"https:\/\/used82.com\/index.php?rest_route=%2Fwp%2Fv2%2Ftags&post=6471"}],"curies":[{"name":"wp","href":"https:\/\/api.w.org\/{rel}","templated":true}]}}