{"id":6474,"date":"2023-12-20T19:34:41","date_gmt":"2023-12-20T19:34:41","guid":{"rendered":"https:\/\/used82.com\/?p=6474"},"modified":"2023-12-20T19:34:41","modified_gmt":"2023-12-20T19:34:41","slug":"a-do-te-guxoje-serbia-ta-sfidoje-nato-n-duke-kercenuar-kosoven","status":"publish","type":"post","link":"https:\/\/used82.com\/?p=6474","title":{"rendered":"A do t\u00eb guxoj\u00eb Serbia ta sfidoj\u00eb NATO-n duke k\u00ebrc\u00ebnuar Kosov\u00ebn"},"content":{"rendered":"<p><strong>Njoh\u00ebsit e marr\u00ebdh\u00ebnieve nd\u00ebrkomb\u00ebtare dhe siguris\u00eb shprehen t\u00eb shqet\u00ebsuar p\u00ebr rritjen e k\u00ebrc\u00ebnimeve nga Serbia ndaj Kosov\u00ebs, duke theksuar mund\u00ebsin\u00eb e sulmeve t\u00eb ndryshme, p\u00ebrfshir\u00eb ato kibernetike.<\/strong><\/p>\n<p>\u201cPas zgjedhjeve t\u00eb fundit n\u00eb Serbi, ku nj\u00eb regjim autokratik ka shp\u00ebrfaqur munges\u00ebn e stabilitetit brenda vendit ka nj\u00eb mund\u00ebsi p\u00ebr nj\u00eb sulm nga Serbia, i cili mund t\u00eb p\u00ebrdor\u00eb metoda t\u00eb ndryshme duke p\u00ebrfshir\u00eb sulme kibernetike dhe operacione hibride\u201d, ka vler\u00ebsuar Seb Byty\u00e7i, njoh\u00ebs i marr\u00ebdh\u00ebnieve nd\u00ebrkomb\u00ebtare.<\/p>\n<p>Ai gjithashtu ka theksuar nevoj\u00ebn p\u00ebr t\u00eb marr\u00eb seriozisht k\u00ebrc\u00ebnimet e mundshme dhe ka theksuar se Kosova ka t\u00eb drejt\u00eb t\u00eb b\u00ebj\u00eb thirrje p\u00ebr mbrojtje ndaj tyre.<\/p>\n<p>\u201cMund t\u00eb thuhet q\u00eb ka nj\u00eb rrezik p\u00ebr destabilizim. N\u00ebse ka pasur nj\u00eb dilem\u00eb deri m\u00eb tash, mendoj se me zgjedhjet e fundit n\u00eb Serbi u hoq\u00ebn t\u00eb gjitha dilemat q\u00eb kemi t\u00eb b\u00ebjm\u00eb me nj\u00eb regjim autokratik n\u00eb Serbi, i cili p\u00ebr shkak t\u00eb deficiteve t\u00eb veta demokratike t\u00eb brendshme shkakton jo stabilitet n\u00eb rajon me q\u00ebllim t\u00eb rritjes s\u00eb agjend\u00ebs t\u00eb regjimit atje, t\u00eb udh\u00ebhequr nga presidenti Vu\u00e7iq\u201d, ka deklaruar ai p\u00ebr RTV Dukagjini.<\/p>\n<p>Sipas tij, mund t\u00eb pritet nj\u00eb sulm nga Serbia duke u kamufluar n\u00eb metoda t\u00eb ndryshme ose sulme kibernetike apo operacione t\u00eb natyr\u00ebs hibride q\u00eb e rrezikojn\u00eb sigurin\u00eb.<\/p>\n<p>\u201cKemi t\u00eb b\u00ebjm\u00eb m\u00eb nj\u00eb p\u00ebrpjekje p\u00ebr jo stabilitet kronik. P\u00ebr t\u00eb shkaktuar nj\u00eb jo stabilitet kronik p\u00ebr t\u00eb d\u00ebshmuar q\u00eb Kosova nuk e kontrollon veriun dhe p\u00ebr ta arsyetuar \u2018de-facto\u2019 ndarjen e Kosov\u00ebs dhe futjen e forcave serbe n\u00eb at\u00eb pjes\u00eb\u201d, ka deklaruar mes tjerash Byty\u00e7i.<\/p>\n<p>Po ashtu, Fatmir \u00c7ollaku, njoh\u00ebs i siguris\u00eb, ka folur p\u00ebr ndryshimet thelb\u00ebsore pas sulmit terrorist t\u00eb 24 shtatorit n\u00eb Banjsk\u00eb dhe ka theksuar se ky ngjarje ka \u00e7uar n\u00eb zgjimin e komunitetit nd\u00ebrkomb\u00ebtar dhe NATO-s.<\/p>\n<p>\u201cGjith\u00e7ka ka ndryshuar nga 24 shtatori si n\u00eb planin nd\u00ebrkomb\u00ebtar edhe n\u00eb planin e brendsh\u00ebm nga aspekti i gatishm\u00ebris\u00eb dhe mobilizimit t\u00eb strukturave t\u00eb siguris\u00eb si dhe menaxhimi i operacioneve. Ky sulm ka pasur refleksione t\u00eb m\u00ebdha n\u00eb dy dimensione, Evropa edhe NATO dhe t\u00eb gjith\u00eb u zgjuan nga gjumi \u00a0sepse b\u00ebhej fjal\u00eb v\u00ebrtet\u00eb p\u00ebr seriozitet t\u00eb lart\u00eb t\u00eb k\u00ebrc\u00ebnimit t\u00eb siguris\u00eb\u201d, ka deklaruar ai.<\/p>\n","protected":false},"excerpt":{"rendered":"<p>Njoh\u00ebsit e marr\u00ebdh\u00ebnieve nd\u00ebrkomb\u00ebtare dhe siguris\u00eb shprehen t\u00eb shqet\u00ebsuar p\u00ebr rritjen e k\u00ebrc\u00ebnimeve nga Serbia&#8230;<\/p>\n","protected":false},"author":1,"featured_media":0,"comment_status":"open","ping_status":"open","sticky":false,"template":"","format":"standard","meta":{"om_disable_all_campaigns":false,"_monsterinsights_skip_tracking":false,"_monsterinsights_sitenote_active":false,"_monsterinsights_sitenote_note":"","_monsterinsights_sitenote_category":0,"_uf_show_specific_survey":0,"_uf_disable_surveys":false,"footnotes":""},"categories":[1],"tags":[],"class_list":["post-6474","post","type-post","status-publish","format-standard","hentry","category-uncategorized"],"aioseo_notices":[],"views":32,"_links":{"self":[{"href":"https:\/\/used82.com\/index.php?rest_route=\/wp\/v2\/posts\/6474","targetHints":{"allow":["GET"]}}],"collection":[{"href":"https:\/\/used82.com\/index.php?rest_route=\/wp\/v2\/posts"}],"about":[{"href":"https:\/\/used82.com\/index.php?rest_route=\/wp\/v2\/types\/post"}],"author":[{"embeddable":true,"href":"https:\/\/used82.com\/index.php?rest_route=\/wp\/v2\/users\/1"}],"replies":[{"embeddable":true,"href":"https:\/\/used82.com\/index.php?rest_route=%2Fwp%2Fv2%2Fcomments&post=6474"}],"version-history":[{"count":0,"href":"https:\/\/used82.com\/index.php?rest_route=\/wp\/v2\/posts\/6474\/revisions"}],"wp:attachment":[{"href":"https:\/\/used82.com\/index.php?rest_route=%2Fwp%2Fv2%2Fmedia&parent=6474"}],"wp:term":[{"taxonomy":"category","embeddable":true,"href":"https:\/\/used82.com\/index.php?rest_route=%2Fwp%2Fv2%2Fcategories&post=6474"},{"taxonomy":"post_tag","embeddable":true,"href":"https:\/\/used82.com\/index.php?rest_route=%2Fwp%2Fv2%2Ftags&post=6474"}],"curies":[{"name":"wp","href":"https:\/\/api.w.org\/{rel}","templated":true}]}}