{"id":6476,"date":"2023-12-20T19:43:20","date_gmt":"2023-12-20T19:43:20","guid":{"rendered":"https:\/\/used82.com\/?p=6476"},"modified":"2023-12-20T19:43:20","modified_gmt":"2023-12-20T19:43:20","slug":"grupi-i-bashes-kerkon-arrestimin-e-berishes-dorezon-raportin-ne-kuvend","status":"publish","type":"post","link":"https:\/\/used82.com\/?p=6476","title":{"rendered":"Grupi i Bash\u00ebs k\u00ebrkon arrestimin e Berish\u00ebs, dor\u00ebzon raportin n\u00eb Kuvend"},"content":{"rendered":"<p>Jan\u00eb depozituar dit\u00ebn e sotme n\u00eb Kuvend dy raportet e an\u00ebtar\u00ebve t\u00eb K\u00ebshillit t\u00eb Mandave t\u00eb cil\u00ebt\u00a0 dy dit\u00eb m\u00eb par\u00eb me 6 vota pro votuan pro k\u00ebrkes\u00ebs s\u00eb SPAK p\u00ebr dh\u00ebnien e autorizimit p\u00ebr arrestimin\/heqjen e liris\u00eb s\u00eb deputetit Sali Berisha n\u00ebp\u00ebrmjet z\u00ebvend\u00ebsimit t\u00eb mas\u00ebs s\u00eb siguris\u00eb.<\/p>\n<p>Nj\u00eb prej raporteve \u00ebsht\u00eb i mazhoranc\u00ebs, nd\u00ebrsa tjetri i deputetit Enkelejt Alibeaj, grupim i Lulzim Bash\u00ebs, i cili bashkoi votat me socialist\u00ebt n\u00eb K\u00ebshillin e Mandateve. Si mazhoranca, po ashtu edhe grupimi i Lulzim Bash\u00ebs k\u00ebrkojn\u00eb dh\u00ebnien e autorizimit p\u00ebr t\u2019i hapur rrug\u00eb k\u00ebrkes\u00ebs s\u00eb SPAK q\u00eb k\u00ebrkon heqjen e imunitetit t\u00eb Sali Berish\u00ebs.<\/p>\n<p><em>\u201cP\u00ebrfundimisht, si an\u00ebtar i K\u00ebshillit p\u00ebr Imunitetin, i rekomandoj seanc\u00ebs plenare t\u00eb Kuvendit t\u00eb Republik\u00ebs s\u00eb Shqip\u00ebris\u00eb t\u00eb votoj\u00eb, p\u00ebr miratimin k\u00ebrkes\u00ebs p\u00ebr dh\u00ebnien e autorizimit, t\u00eb k\u00ebrkuar me shkres\u00ebn nr. 16688 prot., dat\u00eb 12.12.2023 t\u00eb SPAK \u201cP\u00ebr dh\u00ebnien e autorizimit p\u00ebr arrestimin\/heqjen e liris\u00eb, n\u00ebp\u00ebrmjet z\u00ebvend\u00ebsimit t\u00eb mas\u00ebs s\u00eb sigurimit\u201d<\/em>, thuhet n\u00eb fund t\u00eb raportit t\u00eb Enkelejd Alibeaj.<\/p>\n<div class=\"jeg_ad jeg_ad_article jnews_content_inline_2_ads  \"><\/div>\n<p><img loading=\"lazy\" decoding=\"async\" class=\"alignnone size-medium wp-image-1309141\" src=\"https:\/\/boldnews.al\/wp-content\/uploads\/2023\/12\/Alibeaj-640x757.jpg\" sizes=\"auto, (max-width: 640px) 100vw, 640px\" srcset=\"https:\/\/boldnews.al\/wp-content\/uploads\/2023\/12\/Alibeaj-640x757.jpg 640w, https:\/\/boldnews.al\/wp-content\/uploads\/2023\/12\/Alibeaj.jpg 706w\" alt=\"\" width=\"640\" height=\"757\" data-pin-no-hover=\"true\" \/><\/p>\n<p>Shqyrtimi i k\u00ebrkes\u00ebs p\u00ebr dh\u00ebnien e autorizimit nga Kuvendi p\u00ebr arrestimin\/heqjen e liris\u00eb s\u00eb deputetit Sali Berisha n\u00ebp\u00ebrmjet z\u00ebvend\u00ebsimit t\u00eb mas\u00ebs s\u00eb siguris\u00eb \u00ebsht\u00eb n\u00eb pik\u00ebn e par\u00eb t\u00eb rendit t\u00eb dit\u00ebs n\u00eb seanc\u00ebn plenare t\u00eb dit\u00ebs s\u00eb nes\u00ebrme. Po ashtu, vlen t\u00eb theksohet fakti se Sali Berisha ka thirrur mb\u00ebshtet\u00ebsit e tij n\u00eb nj\u00eb protest\u00eb para Kuvendit dit\u00ebn e nes\u00ebrme.<\/p>\n<p>Gjithashtu, sot Gjykata Kushtetuese rr\u00ebzoi k\u00ebrkes\u00ebn e deputet\u00ebve t\u00eb Partis\u00eb Demokratike, t\u00eb cil\u00ebt k\u00ebrkuan pezullimin e vendimit t\u00eb GJKKO-s\u00eb p\u00ebr mas\u00ebn shtr\u00ebnguese ndaj Sali Berish\u00ebs e p\u00ebr rrjedhoj\u00eb edhe pezullimin e arrestimit t\u00eb tij.<\/p>\n<p>Demokrat\u00eb pretendonin se vendosja e mas\u00ebs s\u00eb siguris\u00eb \u201cndalim i daljes jasht\u00eb shtetit\u201d p\u00ebr Sali Berish\u00ebn nga SPAK p\u00ebr privatizimin e klubit Partizani ishte antikushtetuese, pasi sipas tyre m\u00eb her\u00ebt duhet t\u00eb merrej autorizimi i Kuvendit.<\/p>\n<p>Sipas Gjykat\u00ebs Kushtetuese, k\u00ebrkesa e 30 deputet\u00ebve t\u00eb PD-s\u00eb, nuk plot\u00ebson kriteret ligjore paraprake p\u00ebr pranimin e saj p\u00ebr shqyrtim n\u00eb seanc\u00eb plenare. Trupa e gjyqtar\u00ebve arriti n\u00eb konkluzionin se deputet\u00ebt nuk legjitimohen p\u00ebr nj\u00eb ankim t\u00eb till\u00eb n\u00eb kushtetuese, por k\u00ebt\u00eb t\u00eb drejt\u00eb e ka Kuvendi.<\/p>\n<p>Sipas logjik\u00ebs s\u00eb gjyqtar\u00ebve, t\u00eb drejt\u00ebn p\u00ebr t\u00eb v\u00ebn\u00eb n\u00eb l\u00ebvizje trup\u00ebn kushtetuese n\u00eb k\u00ebt\u00eb rast e ka vet\u00eb Kuvendi i Shqip\u00ebris\u00eb, i cili do t\u00eb ishte n\u00eb k\u00ebt\u00eb rast pala n\u00eb konflikt q\u00eb mund t\u00eb ngrinte pretendimin e c\u00ebnimit t\u00eb kompetencave.<\/p>\n<p>K\u00ebrkuesi, grupi i deputet\u00ebve, nuk legjitimohet t\u2019i drejtohet Gjykat\u00ebs, pasi referuar mosmarr\u00ebveshjes s\u00eb pretenduar t\u00eb kompetencave, ai nuk \u00ebsht\u00eb subjekt n\u00eb konflikt, pra nuk rezulton t\u2019i jet\u00eb marr\u00eb ndonj\u00eb kompetenc\u00eb apo t\u00eb jet\u00eb cenuar drejtp\u00ebrdrejt n\u00eb ndonj\u00eb kompetenc\u00eb. Grupi i nj\u00eb t\u00eb pest\u00ebs s\u00eb deputet\u00ebve, pavar\u00ebsisht se \u00ebsht\u00eb pjes\u00eb e ushtrimit t\u00eb veprimtaris\u00eb legjislative t\u00eb Kuvendit, nuk mund t\u00eb veproj\u00eb n\u00eb em\u00ebr dhe me tagrat e Kuvendit.<\/p>\n","protected":false},"excerpt":{"rendered":"<p>Jan\u00eb depozituar dit\u00ebn e sotme n\u00eb Kuvend dy raportet e an\u00ebtar\u00ebve t\u00eb K\u00ebshillit t\u00eb Mandave&#8230;<\/p>\n","protected":false},"author":1,"featured_media":0,"comment_status":"open","ping_status":"open","sticky":false,"template":"","format":"standard","meta":{"om_disable_all_campaigns":false,"_monsterinsights_skip_tracking":false,"_monsterinsights_sitenote_active":false,"_monsterinsights_sitenote_note":"","_monsterinsights_sitenote_category":0,"_uf_show_specific_survey":0,"_uf_disable_surveys":false,"footnotes":""},"categories":[1],"tags":[],"class_list":["post-6476","post","type-post","status-publish","format-standard","hentry","category-uncategorized"],"aioseo_notices":[],"views":33,"_links":{"self":[{"href":"https:\/\/used82.com\/index.php?rest_route=\/wp\/v2\/posts\/6476","targetHints":{"allow":["GET"]}}],"collection":[{"href":"https:\/\/used82.com\/index.php?rest_route=\/wp\/v2\/posts"}],"about":[{"href":"https:\/\/used82.com\/index.php?rest_route=\/wp\/v2\/types\/post"}],"author":[{"embeddable":true,"href":"https:\/\/used82.com\/index.php?rest_route=\/wp\/v2\/users\/1"}],"replies":[{"embeddable":true,"href":"https:\/\/used82.com\/index.php?rest_route=%2Fwp%2Fv2%2Fcomments&post=6476"}],"version-history":[{"count":0,"href":"https:\/\/used82.com\/index.php?rest_route=\/wp\/v2\/posts\/6476\/revisions"}],"wp:attachment":[{"href":"https:\/\/used82.com\/index.php?rest_route=%2Fwp%2Fv2%2Fmedia&parent=6476"}],"wp:term":[{"taxonomy":"category","embeddable":true,"href":"https:\/\/used82.com\/index.php?rest_route=%2Fwp%2Fv2%2Fcategories&post=6476"},{"taxonomy":"post_tag","embeddable":true,"href":"https:\/\/used82.com\/index.php?rest_route=%2Fwp%2Fv2%2Ftags&post=6476"}],"curies":[{"name":"wp","href":"https:\/\/api.w.org\/{rel}","templated":true}]}}