{"id":6484,"date":"2023-12-21T06:43:37","date_gmt":"2023-12-21T06:43:37","guid":{"rendered":"https:\/\/used82.com\/?p=6484"},"modified":"2023-12-21T06:43:37","modified_gmt":"2023-12-21T06:43:37","slug":"vazhdojne-garat-me-vetura-denohen-me-nga-150-euro-dy-te-rinj-ne-ferizaj-policia-publikon-pamjet","status":"publish","type":"post","link":"https:\/\/used82.com\/?p=6484","title":{"rendered":"Vazhdojn\u00eb garat me vetura, d\u00ebnohen me nga 150 euro dy t\u00eb rinj n\u00eb Ferizaj \u2013 Policia publikon pamjet"},"content":{"rendered":"<article id=\"post-13911\" class=\"post-13911 post type-post status-publish format-standard has-post-thumbnail hentry category-uncategorized\">\n<div class=\"entry-content\">\n<p><strong>P\u00ebrkund\u00ebr q\u00eb vet\u00ebm para pak dit\u00ebsh nj\u00eb gar\u00eb me vetura p\u00ebrfundoi tragjikisht n\u00eb Autostrad\u00ebn \u201cIbrahim Rugova\u201d, t\u00eb rinjt\u00eb po vazhdojn\u00eb me organizime t\u00eb tilla. K\u00ebshtu ka ndodhur edhe t\u00eb h\u00ebn\u00ebn n\u00eb rrug\u00ebn \u201cRexhep Bislimi\u201d n\u00eb Ferizaj.<\/strong><\/p>\n<p>Sipas Policis\u00eb, shofer\u00ebt H.A., i mosh\u00ebs 24-vje\u00e7are dhe S.A., i mosh\u00ebs 21-vje\u00e7are, me veturat e tyre me dat\u00ebn 18.12.2023 rreth or\u00ebs 22:35, po b\u00ebnin gara t\u00eb shpejt\u00ebsis\u00eb, duke rrezikuar pjes\u00ebmarr\u00ebsit tjer\u00eb n\u00eb komunikacion.<\/p>\n<p>Ndaj tyre, policia shqiptoi gjob\u00eb kund\u00ebrvajt\u00ebse sipas ligjit t\u00eb komunikacionit rrugor, me d\u00ebnim 150 euro dhe nga 1 pik\u00eb negative.<\/p>\n<p><iframe loading=\"lazy\" src=\"https:\/\/www.facebook.com\/plugins\/video.php?height=262&amp;href=https%3A%2F%2Fwww.facebook.com%2FKosovoPolice%2Fvideos%2F3156927057937187%2F&amp;show_text=false&amp;width=560&amp;t=0\" width=\"560\" height=\"262\" frameborder=\"0\" scrolling=\"no\" allowfullscreen=\"allowfullscreen\" data-mce-fragment=\"1\" data-origwidth=\"560\" data-origheight=\"262\"><\/iframe><\/p>\n<\/div>\n<\/article>\n","protected":false},"excerpt":{"rendered":"<p>P\u00ebrkund\u00ebr q\u00eb vet\u00ebm para pak dit\u00ebsh nj\u00eb gar\u00eb me vetura p\u00ebrfundoi tragjikisht n\u00eb Autostrad\u00ebn \u201cIbrahim&#8230;<\/p>\n","protected":false},"author":1,"featured_media":0,"comment_status":"open","ping_status":"open","sticky":false,"template":"","format":"standard","meta":{"om_disable_all_campaigns":false,"_monsterinsights_skip_tracking":false,"_monsterinsights_sitenote_active":false,"_monsterinsights_sitenote_note":"","_monsterinsights_sitenote_category":0,"_uf_show_specific_survey":0,"_uf_disable_surveys":false,"footnotes":""},"categories":[1],"tags":[],"class_list":["post-6484","post","type-post","status-publish","format-standard","hentry","category-uncategorized"],"aioseo_notices":[],"views":32,"_links":{"self":[{"href":"https:\/\/used82.com\/index.php?rest_route=\/wp\/v2\/posts\/6484","targetHints":{"allow":["GET"]}}],"collection":[{"href":"https:\/\/used82.com\/index.php?rest_route=\/wp\/v2\/posts"}],"about":[{"href":"https:\/\/used82.com\/index.php?rest_route=\/wp\/v2\/types\/post"}],"author":[{"embeddable":true,"href":"https:\/\/used82.com\/index.php?rest_route=\/wp\/v2\/users\/1"}],"replies":[{"embeddable":true,"href":"https:\/\/used82.com\/index.php?rest_route=%2Fwp%2Fv2%2Fcomments&post=6484"}],"version-history":[{"count":0,"href":"https:\/\/used82.com\/index.php?rest_route=\/wp\/v2\/posts\/6484\/revisions"}],"wp:attachment":[{"href":"https:\/\/used82.com\/index.php?rest_route=%2Fwp%2Fv2%2Fmedia&parent=6484"}],"wp:term":[{"taxonomy":"category","embeddable":true,"href":"https:\/\/used82.com\/index.php?rest_route=%2Fwp%2Fv2%2Fcategories&post=6484"},{"taxonomy":"post_tag","embeddable":true,"href":"https:\/\/used82.com\/index.php?rest_route=%2Fwp%2Fv2%2Ftags&post=6484"}],"curies":[{"name":"wp","href":"https:\/\/api.w.org\/{rel}","templated":true}]}}