{"id":6486,"date":"2023-12-21T06:45:28","date_gmt":"2023-12-21T06:45:28","guid":{"rendered":"https:\/\/used82.com\/?p=6486"},"modified":"2023-12-21T06:45:28","modified_gmt":"2023-12-21T06:45:28","slug":"familja-e-liridona-ademajt-kerkon-takim-urgjent-me-prokurorine-sdime-as-kush-eshte-prokurori-deri-tash-nuk-na-kane-kontaktuar-fare","status":"publish","type":"post","link":"https:\/\/used82.com\/?p=6486","title":{"rendered":"Familja e Liridona Ademajt k\u00ebrkon takim urgjent me Prokurorin\u00eb: S\u2019dim\u00eb as kush \u00ebsht\u00eb prokurori, deri tash nuk na kan\u00eb kontaktuar fare"},"content":{"rendered":"<article id=\"post-13905\" class=\"post-13905 post type-post status-publish format-standard has-post-thumbnail hentry category-uncategorized\">\n<div class=\"entry-content\">\n<p><strong>Familja e 30-vje\u00e7ares Liridona Ademaj e cila u vra t\u00eb m\u00ebrkur\u00ebn e 29 n\u00ebntorit n\u00eb fshatin B\u00ebrrnic\u00eb t\u00eb Prishtin\u00ebs i kan\u00eb b\u00ebr\u00eb k\u00ebrkes\u00eb Prokuroris\u00eb p\u00ebr nj\u00eb takim urgjent p\u00ebr t\u2019u informuar rreth ngjarjes makabre t\u00eb asaj nate.<\/strong><\/p>\n<p>Ka qen\u00eb v\u00ebllai i saj, Leonardi ai i cili n\u00eb Facebook ka b\u00ebr\u00eb publike edhe k\u00ebrkes\u00ebn me t\u00eb cil\u00ebn i jan\u00eb drejtuar Prokuroris\u00eb, derisa dhe i kan\u00eb fal\u00ebnderuar ata dhe Policin\u00eb p\u00ebr pun\u00ebn e b\u00ebr\u00eb deri tani, por q\u00eb si\u00e7 ka th\u00ebn\u00eb ai ata si familje nuk jan\u00eb kontaktuar fare.<\/p>\n<p>\u201cJu njoftojm\u00eb se sapo i jemi drejtuar prokuroris\u00eb p\u00ebr nj\u00eb takim urgjent q\u00eb t\u00eb informohemi rreth rastit t\u00eb vrasjes s\u00eb m\u00eb t\u00eb dashur\u00ebs ton\u00eb Liridona Ademaj.<\/p>\n<p><center><\/center><\/p>\n<div class=\"lajmi-lexo2\">\n<div class=\"teksti\">\n<div class=\"hq\">\n<p>Leonardi thot\u00eb se ata ende s\u2019jan\u00eb informuar zyrtarisht se kush \u00ebsht\u00eb prokuror i rastit t\u00eb motr\u00ebs s\u00eb tij, dhe informata kan\u00eb vet\u00ebm ato q\u00eb kan\u00eb marr\u00eb nga mediat.<\/p>\n<p>Ne jemi thell\u00ebsisht falenderues p\u00ebr pun\u00ebn e b\u00ebr\u00eb deri m\u00eb tani nga policia dhe prokuroria. Mir\u00ebpo, jemi t\u00eb shqet\u00ebsuar q\u00eb deri m\u00eb tani prokuroria nuk ka kontaktuar fare me neve. Ne ende zyrtarisht nuk jemi informuar se kush \u00ebsht\u00eb prokuror i rastit dhe informacionet e vetme i kemi nga raportimet n\u00eb media\u201d, shkruan Leonardi, v\u00ebllai i Liridona Demajt n\u00eb Facebook.<\/p>\n<p>\u201cNe duam t\u00eb sqarojm\u00eb q\u00eb nuk k\u00ebrkojm\u00eb qasje n\u00eb informacione konfidenciale mir\u00ebpo k\u00ebrkojm\u00eb q\u00eb si familjar\u00eb t\u00eb jemi t\u00eb informuar, e drejt\u00eb kjo e garantuar ligj\u00ebrisht\u201d, shkruan tutje ai.<\/p>\n<div class=\"code-block code-block-7\"><\/div>\n<p><iframe loading=\"lazy\" src=\"https:\/\/www.facebook.com\/plugins\/post.php?href=https%3A%2F%2Fwww.facebook.com%2Fnardiademaj%2Fposts%2Fpfbid02rB5SbrtaViEzL4RkQXXzW7M8Sih9Z6DeJ4dcEJCcHYdy1NXas16pyKYBNjHTWdCNl&amp;show_text=true&amp;width=500\" width=\"500\" height=\"776\" frameborder=\"0\" scrolling=\"no\" allowfullscreen=\"allowfullscreen\" data-mce-fragment=\"1\" data-origwidth=\"500\" data-origheight=\"776\"><\/iframe><\/p>\n<\/div>\n<\/div>\n<\/div>\n<\/div>\n<\/article>\n","protected":false},"excerpt":{"rendered":"<p>Familja e 30-vje\u00e7ares Liridona Ademaj e cila u vra t\u00eb m\u00ebrkur\u00ebn e 29 n\u00ebntorit n\u00eb&#8230;<\/p>\n","protected":false},"author":1,"featured_media":0,"comment_status":"open","ping_status":"open","sticky":false,"template":"","format":"standard","meta":{"om_disable_all_campaigns":false,"_monsterinsights_skip_tracking":false,"_monsterinsights_sitenote_active":false,"_monsterinsights_sitenote_note":"","_monsterinsights_sitenote_category":0,"_uf_show_specific_survey":0,"_uf_disable_surveys":false,"footnotes":""},"categories":[1],"tags":[],"class_list":["post-6486","post","type-post","status-publish","format-standard","hentry","category-uncategorized"],"aioseo_notices":[],"views":32,"_links":{"self":[{"href":"https:\/\/used82.com\/index.php?rest_route=\/wp\/v2\/posts\/6486","targetHints":{"allow":["GET"]}}],"collection":[{"href":"https:\/\/used82.com\/index.php?rest_route=\/wp\/v2\/posts"}],"about":[{"href":"https:\/\/used82.com\/index.php?rest_route=\/wp\/v2\/types\/post"}],"author":[{"embeddable":true,"href":"https:\/\/used82.com\/index.php?rest_route=\/wp\/v2\/users\/1"}],"replies":[{"embeddable":true,"href":"https:\/\/used82.com\/index.php?rest_route=%2Fwp%2Fv2%2Fcomments&post=6486"}],"version-history":[{"count":0,"href":"https:\/\/used82.com\/index.php?rest_route=\/wp\/v2\/posts\/6486\/revisions"}],"wp:attachment":[{"href":"https:\/\/used82.com\/index.php?rest_route=%2Fwp%2Fv2%2Fmedia&parent=6486"}],"wp:term":[{"taxonomy":"category","embeddable":true,"href":"https:\/\/used82.com\/index.php?rest_route=%2Fwp%2Fv2%2Fcategories&post=6486"},{"taxonomy":"post_tag","embeddable":true,"href":"https:\/\/used82.com\/index.php?rest_route=%2Fwp%2Fv2%2Ftags&post=6486"}],"curies":[{"name":"wp","href":"https:\/\/api.w.org\/{rel}","templated":true}]}}