{"id":6488,"date":"2023-12-21T06:49:41","date_gmt":"2023-12-21T06:49:41","guid":{"rendered":"https:\/\/used82.com\/?p=6488"},"modified":"2023-12-21T06:49:41","modified_gmt":"2023-12-21T06:49:41","slug":"haradinaj-e-quan-tradhtar-kurtin-i-kaloj-vijat-e-kuqe","status":"publish","type":"post","link":"https:\/\/used82.com\/?p=6488","title":{"rendered":"Haradinaj e quan tradhtar Kurtin: I kaloj vijat e kuqe"},"content":{"rendered":"<p><strong>Kryetari i AAK-s\u00eb Ramush Haradinaj, e ka quajtur kryeministrin e Kosov\u00ebs Albin Kurtin, tradhtar, pasi sipas tij Kurti ka tejkaluar vijat e kuqe kur ka shpreh gatishm\u00ebrin\u00eb me n\u00ebnshkruar marr\u00ebveshjen me Serbin\u00eb, ku p\u00ebrfshihet draft- statuti i Asociacionit dhe p\u00ebrfshirja e rezolut\u00ebs 1244 n\u00eb preambul\u00eb.<\/strong><\/p>\n<p>\u201cKurti ka shkuar m\u00eb larg se \u00e7do imagjinat\u00eb e mundshme. Ai realisht ka ra dakord me mohuar shtet\u00ebsin\u00eb Kosov\u00ebs, p\u00ebr faktin se ai kur ka dashur me n\u00ebnshkruar k\u00ebt\u00eb dokument, n\u00eb preambul\u00eb ky dokument thirret n\u00eb rezolut\u00ebn 1244. Pavar\u00ebsia jon\u00eb mohon rezolut\u00ebn 1244 p\u00ebr shkak se rezoluta 1244 n\u00eb nj\u00eb far\u00eb m\u00ebnyre ia ngrin sovranitetin Serbis\u00eb. Pra Kurti e ka b\u00ebr\u00eb nj\u00eb tradhti\u201d, ka th\u00ebn\u00eb Haradinaj.<\/p>\n<p>Sipas tij, i pari i qeveris\u00eb ka b\u00ebr\u00eb tejkalim t\u00eb kompetencave q\u00eb i jep Kushtetuta.<\/p>\n<p>\u201cKurti nuk ka mundur n\u00eb asnj\u00eb m\u00ebnyr\u00eb (me pranuar marr\u00ebveshjen), pra nuk ia lejon Kushtetua e Kosov\u00ebs me pranuar nj\u00eb draft- statut t\u00eb Asociacionit q\u00eb thirret 1244. Kushtetua jon\u00eb mohon 1244, shpallja e pavar\u00ebsis\u00eb ton\u00eb mohon at\u00eb. Pra Kurti realisht e ka tejkaluar \u00e7do vij\u00eb t\u00eb kuqe potenciale, \u00ebsht\u00eb n\u00eb pozicion kund\u00ebr kushtetues\u201d, \u00ebsht\u00eb shprehur ai.<\/p>\n<p>Kreu i AAK-s\u00eb theksoi se Albin Kurti, ka shprehur gatishm\u00ebri me n\u00ebnshkruar k\u00ebt\u00eb marr\u00ebveshje pas asnj\u00eb konsult\u00eb me opozit\u00ebn dhe pjes\u00ebn tjet\u00ebr t\u00eb shoq\u00ebris\u00eb.<\/p>\n<p>\u201cS\u00eb pari t\u00eb sqarojm\u00eb se Kurti pa konsulta, pra me asnj\u00eb nga ne n\u00eb Kosov\u00eb, t\u00eb pakt\u00ebn jo me opozit\u00ebn, ka shpreh d\u00ebshir\u00eb me n\u00ebnshkruar marr\u00ebveshjen p\u00ebr Asociacionin me k\u00ebt\u00eb draft- statut, por Vuciq ka refuzuar sipas Kurtit. K\u00ebshtu na ka tregu Kurti\u201d, ka th\u00ebn\u00eb Haradinaj.<\/p>\n<p>Ramush Haradinaj, shtoi se Qeveria Kurti e ka hallin m\u00eb t\u00eb madh se si me kamufluar k\u00ebt\u00eb marr\u00ebveshje para qytetar\u00ebve t\u00eb Kosov\u00ebs.<\/p>\n<p>\u201cK\u00ebta jan\u00eb unison, nj\u00eb fjal\u00eb nj\u00eb q\u00ebndrim, vet\u00ebm se e kryejn\u00eb role t\u00eb ndryshme. Ju kujtohet kryetari Konjufca q\u00eb thojke as asi as k\u00ebsi nuk do t\u00eb ket\u00eb \u00e7far\u00ebdo lloj Asociacioni. Ju kujtohet zv\/kryeminist\u00ebr Besnik Bislimi q\u00eb n\u00eb moment q\u00eb vjen asociacioni n\u00eb tavolin\u00eb un\u00eb jap dor\u00ebheqje,e k\u00ebshtu me radh\u00eb t\u00eb gjith\u00eb.Pra k\u00ebta jan\u00eb ata p\u00ebr menaxhimin e d\u00ebmit publik e kan\u00eb hallin e votuesve, qytetar\u00ebve kritik\u00eb dhe secili prej tyre po e kryen nj\u00eb rol\u201d, \u00ebsht\u00eb shprehur ai n\u00eb Kanal 10.<\/p>\n","protected":false},"excerpt":{"rendered":"<p>Kryetari i AAK-s\u00eb Ramush Haradinaj, e ka quajtur kryeministrin e Kosov\u00ebs Albin Kurtin, tradhtar, pasi&#8230;<\/p>\n","protected":false},"author":1,"featured_media":0,"comment_status":"open","ping_status":"open","sticky":false,"template":"","format":"standard","meta":{"om_disable_all_campaigns":false,"_monsterinsights_skip_tracking":false,"_monsterinsights_sitenote_active":false,"_monsterinsights_sitenote_note":"","_monsterinsights_sitenote_category":0,"_uf_show_specific_survey":0,"_uf_disable_surveys":false,"footnotes":""},"categories":[1],"tags":[],"class_list":["post-6488","post","type-post","status-publish","format-standard","hentry","category-uncategorized"],"aioseo_notices":[],"views":63,"_links":{"self":[{"href":"https:\/\/used82.com\/index.php?rest_route=\/wp\/v2\/posts\/6488","targetHints":{"allow":["GET"]}}],"collection":[{"href":"https:\/\/used82.com\/index.php?rest_route=\/wp\/v2\/posts"}],"about":[{"href":"https:\/\/used82.com\/index.php?rest_route=\/wp\/v2\/types\/post"}],"author":[{"embeddable":true,"href":"https:\/\/used82.com\/index.php?rest_route=\/wp\/v2\/users\/1"}],"replies":[{"embeddable":true,"href":"https:\/\/used82.com\/index.php?rest_route=%2Fwp%2Fv2%2Fcomments&post=6488"}],"version-history":[{"count":0,"href":"https:\/\/used82.com\/index.php?rest_route=\/wp\/v2\/posts\/6488\/revisions"}],"wp:attachment":[{"href":"https:\/\/used82.com\/index.php?rest_route=%2Fwp%2Fv2%2Fmedia&parent=6488"}],"wp:term":[{"taxonomy":"category","embeddable":true,"href":"https:\/\/used82.com\/index.php?rest_route=%2Fwp%2Fv2%2Fcategories&post=6488"},{"taxonomy":"post_tag","embeddable":true,"href":"https:\/\/used82.com\/index.php?rest_route=%2Fwp%2Fv2%2Ftags&post=6488"}],"curies":[{"name":"wp","href":"https:\/\/api.w.org\/{rel}","templated":true}]}}