{"id":6500,"date":"2023-12-21T09:16:29","date_gmt":"2023-12-21T09:16:29","guid":{"rendered":"https:\/\/used82.com\/?p=6500"},"modified":"2023-12-21T09:16:40","modified_gmt":"2023-12-21T09:16:40","slug":"kuvendi-i-shqiperise-i-heq-imunitetin-sali-berishes-pritet-te-vendoset-ne-arrest-shtepiak-ose-burg","status":"publish","type":"post","link":"https:\/\/used82.com\/?p=6500","title":{"rendered":"Kuvendi i Shqip\u00ebris\u00eb i heq imunitetin Sali Berish\u00ebs, pritet t\u00eb vendoset n\u00eb arrest sht\u00ebpiak ose burg"},"content":{"rendered":"<p><strong>Deputet\u00ebt e Kuvendit t\u00eb Shqip\u00ebris\u00eb i kan\u00eb hequr sot imunitetin Sali Berish\u00ebs n\u00eb nj\u00eb votim historik duke i hapur rrug\u00ebn Prokuroris\u00eb s\u00eb Posa\u00e7me SPAK p\u00ebr zbatimin e k\u00ebrkes\u00ebs p\u00ebr vendosjen n\u00eb arrest n\u00eb burg ose arrest sht\u00ebpiak ish-kryeministrin e vendit.\u00a0\u00a0<\/strong><\/p>\n<p>Ish-kryeministri refuzoi t\u00eb merrte fjal\u00ebn gjat\u00eb nisjes s\u00eb seanc\u00ebs plenare, ku iu k\u00ebrkua t\u00eb fliste mbi k\u00ebrkes\u00ebn e SPAK. Berisha k\u00ebrkoi nga kryetarja e Kuvendit q\u00eb t\u00eb hiqej Garda e Republik\u00ebs nga foltorja n\u00eb m\u00ebnyr\u00eb q\u00eb ai t\u00eb merrte fjal\u00ebn.<\/p>\n<p>Me vendimin e parlamentit tani i hapet rruga ghjykat\u00ebs p\u00ebr ashp\u00ebrsimin e mas\u00ebs s\u00eb siguris\u00eb ndaj ish-kryeministrit.<\/p>\n","protected":false},"excerpt":{"rendered":"<p>Deputet\u00ebt e Kuvendit t\u00eb Shqip\u00ebris\u00eb i kan\u00eb hequr sot imunitetin Sali Berish\u00ebs n\u00eb nj\u00eb votim&#8230;<\/p>\n","protected":false},"author":1,"featured_media":0,"comment_status":"open","ping_status":"open","sticky":false,"template":"","format":"standard","meta":{"om_disable_all_campaigns":false,"_monsterinsights_skip_tracking":false,"_monsterinsights_sitenote_active":false,"_monsterinsights_sitenote_note":"","_monsterinsights_sitenote_category":0,"_uf_show_specific_survey":0,"_uf_disable_surveys":false,"footnotes":""},"categories":[1],"tags":[],"class_list":["post-6500","post","type-post","status-publish","format-standard","hentry","category-uncategorized"],"aioseo_notices":[],"views":42,"_links":{"self":[{"href":"https:\/\/used82.com\/index.php?rest_route=\/wp\/v2\/posts\/6500","targetHints":{"allow":["GET"]}}],"collection":[{"href":"https:\/\/used82.com\/index.php?rest_route=\/wp\/v2\/posts"}],"about":[{"href":"https:\/\/used82.com\/index.php?rest_route=\/wp\/v2\/types\/post"}],"author":[{"embeddable":true,"href":"https:\/\/used82.com\/index.php?rest_route=\/wp\/v2\/users\/1"}],"replies":[{"embeddable":true,"href":"https:\/\/used82.com\/index.php?rest_route=%2Fwp%2Fv2%2Fcomments&post=6500"}],"version-history":[{"count":0,"href":"https:\/\/used82.com\/index.php?rest_route=\/wp\/v2\/posts\/6500\/revisions"}],"wp:attachment":[{"href":"https:\/\/used82.com\/index.php?rest_route=%2Fwp%2Fv2%2Fmedia&parent=6500"}],"wp:term":[{"taxonomy":"category","embeddable":true,"href":"https:\/\/used82.com\/index.php?rest_route=%2Fwp%2Fv2%2Fcategories&post=6500"},{"taxonomy":"post_tag","embeddable":true,"href":"https:\/\/used82.com\/index.php?rest_route=%2Fwp%2Fv2%2Ftags&post=6500"}],"curies":[{"name":"wp","href":"https:\/\/api.w.org\/{rel}","templated":true}]}}