{"id":6503,"date":"2023-12-21T09:20:51","date_gmt":"2023-12-21T09:20:51","guid":{"rendered":"https:\/\/used82.com\/?p=6503"},"modified":"2023-12-21T09:20:51","modified_gmt":"2023-12-21T09:20:51","slug":"ceshtja-e-te-zhdukurve-ne-janar-pritet-takim-i-jashtezakonshem-kosove-serbi","status":"publish","type":"post","link":"https:\/\/used82.com\/?p=6503","title":{"rendered":"\u00c7\u00ebshtja e t\u00eb zhdukurve: N\u00eb janar pritet takim i jasht\u00ebzakonsh\u00ebm Kosov\u00eb-Serbi"},"content":{"rendered":"<h2>Nj\u00eb takim i jasht\u00ebzakonsh\u00ebm mes p\u00ebrfaq\u00ebsuesve t\u00eb Kosov\u00ebs e Serbis\u00eb, p\u00ebr \u00e7\u00ebshtjen e personave t\u00eb zhdukur do t\u00eb mbahet n\u00eb Zvic\u00ebr, n\u00eb janar t\u00eb vitit t\u00eb ardhsh\u00ebm.<\/h2>\n<p>Ky takim do t\u00eb mbahet me nd\u00ebrmjet\u00ebsim t\u00eb Kryqit t\u00eb Kuq nd\u00ebrkomb\u00ebtare, e q\u00eb pala kosovare do t\u00eb paraqes\u00eb k\u00ebrkesat p\u00ebr t\u00eb vazhduar g\u00ebrmimet e p\u00ebr t\u00eb ofruar t\u00eb dh\u00ebna nga Serbia.<\/p>\n<p>Dyshimet se n\u00eb territorin e Serbis\u00eb, ka ende varreza masive ku jan\u00eb d\u00ebrguar trupat e t\u00eb vrar\u00ebve gjat\u00eb luft\u00ebs s\u00eb fundit, vazhdojn\u00eb t\u00eb jen\u00eb ende.<\/p>\n<p>K\u00ebt\u00eb vit, institucionet e Kosov\u00ebs kan\u00eb arritur t\u00eb g\u00ebrmojn\u00eb vet\u00ebm dy jav\u00eb, n\u00eb lokacionin e quajtur Shtaval n\u00eb Serbi.<\/p>\n<p>Por, se a do t\u00eb g\u00ebrmohet edhe n\u00eb vitin e ardhsh\u00ebm, kjo nuk dihet e sigurt.<\/p>\n<p>P\u00ebr k\u00ebt\u00eb \u00e7\u00ebshtje, sipas kryetarit t\u00eb komisionit p\u00ebr persona t\u00eb zhdukur, do t\u00eb diskutohet edhe n\u00eb nj\u00eb takim q\u00eb do t\u00eb mbahet n\u00eb fund t\u00eb janarit, t\u00eb vitit t\u00eb ardhsh\u00ebm, mes p\u00ebrfaq\u00ebsuesve t\u00eb Kosov\u00ebs e Serbis\u00eb, me nd\u00ebrmjet\u00ebsim t\u00eb Kryqit t\u00eb Kuq nd\u00ebrkomb\u00ebtar.<\/p>\n<p>\u201c\u00cbsht\u00eb takim i menj\u00ebhersh\u00ebm i jasht\u00ebzakonsh\u00ebm q\u00eb n\u00eb fakt do t\u00eb mbahet n\u00eb Gjenev\u00eb, n\u00eb Zvic\u00ebr dhe do t\u00eb nd\u00ebrmjet\u00ebsohet nga Kryqi kuq nd\u00ebrkomb\u00ebtar, dhe \u00ebsht\u00eb mund\u00ebsia q\u00eb miqt\u00eb tan\u00eb nd\u00ebrkomb\u00ebtar, faktori nd\u00ebrkomb\u00ebtar t\u00eb i sheh drejtp\u00ebrdrejt\u00eb k\u00ebrkesat tona, form\u00ebn e bllokad\u00ebs soe m\u00ebnyrene e bllokad\u00ebs, q\u00eb Serbia po e b\u00ebn\u00eb\u201d, ka deklaruar Andin Hoti \u2013 Komisioni qeveritar p\u00ebr t\u00eb zhdukurit.<\/p>\n<p>Sipas Hotit, i cili \u00ebsht\u00eb pesimist, se Serbia do t\u00eb ndryshoj\u00eb n\u00eb k\u00ebt\u00eb \u00e7\u00ebshtje, thot\u00eb se lokacioni n\u00eb Shtaval \u00ebsht\u00eb i komplikuar.<\/p>\n<p>\u201cAty mund t\u00eb ket\u00eb nj\u00eb varrez\u00eb masive duke pas parasysh se jan\u00eb par\u00eb autobus menjeh\u00ebre q\u00eb jan\u00eb d\u00ebrgyar, kur jan\u00eb masakruar e jan\u00eb zhdukur, por duke pasur parasysh se lokacioni Shtavall \u00ebsht\u00eb nj\u00eb minier\u00eb e madhe q\u00eb me tonelata dhe hidhe, n\u00eb baza ditore a javore, hidhen atje\u201d, ka th\u00ebn\u00eb ai.<\/p>\n<p>Megjithat\u00eb gjat\u00eb dy jav\u00ebve q\u00eb u g\u00ebrmua n\u00eb Serbi, sipas antropologut, Valon Hyseni, nuk u gjet asnj\u00eb mbetje mortore.<\/p>\n<p>Ai thot\u00eb se presin q\u00eb g\u00ebrmimet n\u00eb at\u00eb pjes\u00eb t\u00eb vazhdojn\u00eb n\u00eb vitin e ardhsh\u00ebm.<\/p>\n<p>\u201cP\u00ebr k\u00ebt\u00eb vit besoj q\u00eb \u00ebsht\u00eb von\u00eb pasi q\u00eb jan\u00eb edhe festat e fundvitit, tash thuajse cdo gj\u00eb \u00ebsht\u00eb n\u00eb pushim, mir\u00ebpo pasi t\u00eb mirren d\u00ebshmitar\u00ebt prap n\u00eb pyetje, dhe t\u00eb shiqohen edhe informacionet shtes\u00eb, ne s\u00ebrish do t\u00eb institojm\u00eb q\u00eb t\u00eb kthehemi, n\u00eb at\u00eb territor, p\u00ebr arsye se derisa t\u00eb ka informacione, q\u00eb mund t\u00eb ket\u00eb dicka n\u00eb at\u00eb lokacion, ne do t\u00eb b\u00ebjm\u00eb t\u00eb pamundur\u00ebn q\u00eb t\u00eb rikthemi, prap dhe t\u00eb g\u00ebrmojm\u00eb s\u00ebrish\u201d, ka deklaruar Hyseni.<\/p>\n<p>N\u00eb Kizhevak t\u00eb Serbis\u00eb, m\u00eb 2020 ishin gjetur eshtrat e nj\u00eb numri t\u00eb civil\u00ebve shqiptar\u00eb t\u00eb vrar\u00eb gjat\u00eb luft\u00ebs n\u00eb Kosov\u00eb, 5 vite pas g\u00ebrmime q\u00eb ishin b\u00ebr\u00eb aty.<\/p>\n<p>Sipas t\u00eb dh\u00ebnave t\u00eb organizatave joqeveritare, n\u00eb varrezat masive n\u00eb Serbi jan\u00eb gjetur trupat e rreth nj\u00ebmij\u00eb kosovar\u00ebve t\u00eb vrar\u00eb, raporton Dukagjini.<\/p>\n","protected":false},"excerpt":{"rendered":"<p>Nj\u00eb takim i jasht\u00ebzakonsh\u00ebm mes p\u00ebrfaq\u00ebsuesve t\u00eb Kosov\u00ebs e Serbis\u00eb, p\u00ebr \u00e7\u00ebshtjen e personave t\u00eb&#8230;<\/p>\n","protected":false},"author":1,"featured_media":0,"comment_status":"open","ping_status":"open","sticky":false,"template":"","format":"standard","meta":{"om_disable_all_campaigns":false,"_monsterinsights_skip_tracking":false,"_monsterinsights_sitenote_active":false,"_monsterinsights_sitenote_note":"","_monsterinsights_sitenote_category":0,"_uf_show_specific_survey":0,"_uf_disable_surveys":false,"footnotes":""},"categories":[1],"tags":[],"class_list":["post-6503","post","type-post","status-publish","format-standard","hentry","category-uncategorized"],"aioseo_notices":[],"views":27,"_links":{"self":[{"href":"https:\/\/used82.com\/index.php?rest_route=\/wp\/v2\/posts\/6503","targetHints":{"allow":["GET"]}}],"collection":[{"href":"https:\/\/used82.com\/index.php?rest_route=\/wp\/v2\/posts"}],"about":[{"href":"https:\/\/used82.com\/index.php?rest_route=\/wp\/v2\/types\/post"}],"author":[{"embeddable":true,"href":"https:\/\/used82.com\/index.php?rest_route=\/wp\/v2\/users\/1"}],"replies":[{"embeddable":true,"href":"https:\/\/used82.com\/index.php?rest_route=%2Fwp%2Fv2%2Fcomments&post=6503"}],"version-history":[{"count":0,"href":"https:\/\/used82.com\/index.php?rest_route=\/wp\/v2\/posts\/6503\/revisions"}],"wp:attachment":[{"href":"https:\/\/used82.com\/index.php?rest_route=%2Fwp%2Fv2%2Fmedia&parent=6503"}],"wp:term":[{"taxonomy":"category","embeddable":true,"href":"https:\/\/used82.com\/index.php?rest_route=%2Fwp%2Fv2%2Fcategories&post=6503"},{"taxonomy":"post_tag","embeddable":true,"href":"https:\/\/used82.com\/index.php?rest_route=%2Fwp%2Fv2%2Ftags&post=6503"}],"curies":[{"name":"wp","href":"https:\/\/api.w.org\/{rel}","templated":true}]}}