{"id":6508,"date":"2023-12-21T19:30:56","date_gmt":"2023-12-21T19:30:56","guid":{"rendered":"https:\/\/used82.com\/?p=6508"},"modified":"2023-12-21T19:30:56","modified_gmt":"2023-12-21T19:30:56","slug":"kurti-liberalizimi-i-vizave-per-kosoven-nje-e-drejte-qe-e-kemi-fituar-me-shume-veshtiresi","status":"publish","type":"post","link":"https:\/\/used82.com\/?p=6508","title":{"rendered":"Kurti: Liberalizimi i vizave p\u00ebr Kosov\u00ebn, nj\u00eb e drejt\u00eb q\u00eb e kemi fituar me shum\u00eb v\u00ebshtir\u00ebsi"},"content":{"rendered":"<p><strong>Kryeministri i Republik\u00ebs s\u00eb Kosov\u00ebs, Albin Kurti, ka folur p\u00ebr \u00e7\u00ebshtjen e liberalizimit t\u00eb vizave p\u00ebr shtetasit kosovar\u00eb, duke th\u00ebn\u00eb se ky proces \u00ebsht\u00eb fituar me v\u00ebshtir\u00ebsi, raporton Gazeta Sinjali.<\/strong><\/p>\n<p>Gjat\u00eb nj\u00eb bashk\u00ebbisedimi me komunitetin turk q\u00eb jetojn\u00eb n\u00eb Kosov\u00eb, Kurti i ka njoftuar ata p\u00ebr procedurat e l\u00ebvizjes drejt zon\u00ebs Schengen.<\/p>\n<p>Ai ka p\u00ebrmendur edhe faktin se p\u00ebrve\u00e7 p\u00ebrfitimeve p\u00ebr student\u00eb e biznese, si dhe sportist\u00ebt t\u00eb cil\u00ebt do t\u00eb p\u00ebrfaq\u00ebsojn\u00eb Kosov\u00ebn, liberalizimi do t\u2019u mund\u00ebsoj\u00eb gjysh\u00ebrve t\u00eb marrin pjes\u00eb n\u00ebp\u00ebr ceremoni t\u00eb diplomimit t\u00eb mbesave e nip\u00ebrve t\u00eb tyre.<\/p>\n<p>\u201c<em>Nga sot vet\u00ebm dhjet\u00eb dit\u00eb na ndajn\u00eb nga janari i vitit 2024, dhe ushtrimit t\u00eb l\u00ebvizjes drejt\u00eb zon\u00ebs Shengen. P\u00ebr nj\u00eb shtet q\u00eb \u00e7do i treti qytetar e ka n\u00eb m\u00ebrgat\u00eb, liberalizimi i vizave \u00ebsht\u00eb m\u00eb shum\u00eb se liri e l\u00ebvizjes. P\u00ebrtej p\u00ebrfitimeve p\u00ebr student\u00eb dhe biznese e sportist\u00ebt t\u00eb cil\u00ebt do t\u00eb hapin mund\u00ebsin\u00eb e p\u00ebrfaq\u00ebsimit dhe pjes\u00ebmarrjes, liberalizimi i vizave ka synim kryesor q\u00eb \u00ebsht\u00eb mund\u00ebsia e gjysh\u00ebrve p\u00ebr t\u00eb marr\u00eb pjes\u00eb n\u00eb ceremonin\u00eb e diplomimit t\u00eb mbesave dhe nip\u00ebrve<\/em>\u201d, tha Kurti.<\/p>\n<p>Kreu i ekzekutivit ka p\u00ebrmendur s\u00ebrish faktin se p\u00ebr t\u00eb l\u00ebvizur n\u00eb zon\u00ebn Schengen qytetar\u00ebt duhet t\u00eb ken\u00eb pasaport\u00eb biometrike, si dhe d\u00ebshmi t\u00eb tjera, si q\u00ebndrimi dhe gjendja financiare.<\/p>\n<p>\u201c<em>P\u00ebr t\u00eb l\u00ebvizur lirsh\u00ebm n\u00eb Zon\u00ebn Schengen, ju duhet t\u00eb keni pasaport\u00eb biometrike. Duhet t\u00eb ofroni se ku do q\u00ebndroni si dhe d\u00ebshmi t\u00eb mjaftueshme financiare dhe bilet\u00eb kthyese. Liberalizimi \u00ebsht\u00eb nj\u00eb e drejt\u00eb q\u00eb e kemi fituar me shum\u00eb v\u00ebshtir\u00ebsi<\/em>\u201d, tha tutje Kurti.<\/p>\n","protected":false},"excerpt":{"rendered":"<p>Kryeministri i Republik\u00ebs s\u00eb Kosov\u00ebs, Albin Kurti, ka folur p\u00ebr \u00e7\u00ebshtjen e liberalizimit t\u00eb vizave&#8230;<\/p>\n","protected":false},"author":1,"featured_media":0,"comment_status":"open","ping_status":"open","sticky":false,"template":"","format":"standard","meta":{"om_disable_all_campaigns":false,"_monsterinsights_skip_tracking":false,"_monsterinsights_sitenote_active":false,"_monsterinsights_sitenote_note":"","_monsterinsights_sitenote_category":0,"_uf_show_specific_survey":0,"_uf_disable_surveys":false,"footnotes":""},"categories":[1],"tags":[],"class_list":["post-6508","post","type-post","status-publish","format-standard","hentry","category-uncategorized"],"aioseo_notices":[],"views":46,"_links":{"self":[{"href":"https:\/\/used82.com\/index.php?rest_route=\/wp\/v2\/posts\/6508","targetHints":{"allow":["GET"]}}],"collection":[{"href":"https:\/\/used82.com\/index.php?rest_route=\/wp\/v2\/posts"}],"about":[{"href":"https:\/\/used82.com\/index.php?rest_route=\/wp\/v2\/types\/post"}],"author":[{"embeddable":true,"href":"https:\/\/used82.com\/index.php?rest_route=\/wp\/v2\/users\/1"}],"replies":[{"embeddable":true,"href":"https:\/\/used82.com\/index.php?rest_route=%2Fwp%2Fv2%2Fcomments&post=6508"}],"version-history":[{"count":0,"href":"https:\/\/used82.com\/index.php?rest_route=\/wp\/v2\/posts\/6508\/revisions"}],"wp:attachment":[{"href":"https:\/\/used82.com\/index.php?rest_route=%2Fwp%2Fv2%2Fmedia&parent=6508"}],"wp:term":[{"taxonomy":"category","embeddable":true,"href":"https:\/\/used82.com\/index.php?rest_route=%2Fwp%2Fv2%2Fcategories&post=6508"},{"taxonomy":"post_tag","embeddable":true,"href":"https:\/\/used82.com\/index.php?rest_route=%2Fwp%2Fv2%2Ftags&post=6508"}],"curies":[{"name":"wp","href":"https:\/\/api.w.org\/{rel}","templated":true}]}}