{"id":6510,"date":"2023-12-21T19:34:41","date_gmt":"2023-12-21T19:34:41","guid":{"rendered":"https:\/\/used82.com\/?p=6510"},"modified":"2023-12-21T19:35:18","modified_gmt":"2023-12-21T19:35:18","slug":"fero-tani-po-mendon-qe-te-kete-dy-gra","status":"publish","type":"post","link":"https:\/\/used82.com\/?p=6510","title":{"rendered":"Fero tani po mendon q\u00eb t\u00eb ket\u00eb dy gra"},"content":{"rendered":"<article id=\"post-13969\" class=\"post-13969 post type-post status-publish format-standard has-post-thumbnail hentry category-uncategorized\">\n<div class=\"entry-content\">\n<p>Pas kalimit n\u00eb fe, ish reperi kosovar, Fero ka nd\u00ebrruar edhe qasjen p\u00ebr jeten.<\/p>\n<p>Tani ai po mendon t\u00eb ket\u00eb dy gra.<img loading=\"lazy\" decoding=\"async\" class=\"alignnone size-full wp-image-161864\" src=\"https:\/\/raporto24.com\/wp-content\/uploads\/2023\/10\/fero.jpg\" sizes=\"auto, (max-width: 1130px) 100vw, 1130px\" srcset=\"https:\/\/raporto24.com\/wp-content\/uploads\/2023\/10\/fero.jpg 1130w, https:\/\/raporto24.com\/wp-content\/uploads\/2023\/10\/fero-300x169.jpg 300w, https:\/\/raporto24.com\/wp-content\/uploads\/2023\/10\/fero-1024x575.jpg 1024w, https:\/\/raporto24.com\/wp-content\/uploads\/2023\/10\/fero-768x432.jpg 768w, https:\/\/raporto24.com\/wp-content\/uploads\/2023\/10\/fero-696x391.jpg 696w, https:\/\/raporto24.com\/wp-content\/uploads\/2023\/10\/fero-1068x600.jpg 1068w\" alt=\"\" width=\"1130\" height=\"635\" \/><\/p>\n<p>Pas \u00e7do dite q\u00eb kalon, ish-reperi shfaqet \u00e7do her\u00eb e m\u00eb i p\u00ebrkushtuar duke ndar\u00eb ajete t\u00eb ndryshme t\u00eb fes\u00eb islame, shkruan\u00a0<strong>Raporto24<\/strong>.<\/p>\n<p>E s\u00eb fundmi, Fero ka publikuar nj\u00eb fotografi t\u00eb nj\u00eb shprehje nga dijetari i ndjer\u00eb musliman me origjin\u00eb shqiptare, Shaykh Al Albani.<\/p>\n<p><strong>\u201cNuk \u00ebsht\u00eb e lejuar p\u00ebr nj\u00eb grua q\u00eb t\u2019ia pamund\u00ebsoj\u00eb burrit t\u00eb saj marrjen e nj\u00eb gruaje t\u00eb dyt\u00eb.\u201d<\/strong>, thuhet n\u00eb t\u00eb.<img loading=\"lazy\" decoding=\"async\" class=\"alignnone size-full wp-image-82027\" src=\"https:\/\/raporto24.com\/wp-content\/uploads\/2022\/12\/fero-arbenita-4535346.jpg.webp\" sizes=\"auto, (max-width: 1024px) 100vw, 1024px\" srcset=\"https:\/\/raporto24.com\/wp-content\/uploads\/2022\/12\/fero-arbenita-4535346.jpg.webp 1024w, https:\/\/raporto24.com\/wp-content\/uploads\/2022\/12\/fero-arbenita-4535346.jpg-300x169.webp 300w, https:\/\/raporto24.com\/wp-content\/uploads\/2022\/12\/fero-arbenita-4535346.jpg-768x432.webp 768w, https:\/\/raporto24.com\/wp-content\/uploads\/2022\/12\/fero-arbenita-4535346.jpg-696x392.webp 696w\" alt=\"\" width=\"1024\" height=\"576\" \/><\/p>\n<p>Sigurisht pas k\u00ebsaj jan\u00eb dyshime n\u00ebse Fero po e mendon nj\u00eb gj\u00eb t\u00eb till\u00eb.<\/p>\n<p>Kujtojm\u00eb se ai ka qen\u00eb i martuar me modelen Arbenita Ismajli me te cilen kan\u00eb edhe nj\u00eb vajz\u00eb.\u00a0<img loading=\"lazy\" decoding=\"async\" class=\"alignnone size-full wp-image-61045\" src=\"https:\/\/raporto24.com\/wp-content\/uploads\/2022\/09\/arbenita.png\" sizes=\"auto, (max-width: 445px) 100vw, 445px\" srcset=\"https:\/\/raporto24.com\/wp-content\/uploads\/2022\/09\/arbenita.png 445w, https:\/\/raporto24.com\/wp-content\/uploads\/2022\/09\/arbenita-181x300.png 181w\" alt=\"\" width=\"445\" height=\"738\" \/><\/p>\n<\/div>\n<\/article>\n","protected":false},"excerpt":{"rendered":"<p>Pas kalimit n\u00eb fe, ish reperi kosovar, Fero ka nd\u00ebrruar edhe qasjen p\u00ebr jeten. Tani&#8230;<\/p>\n","protected":false},"author":1,"featured_media":0,"comment_status":"open","ping_status":"open","sticky":false,"template":"","format":"standard","meta":{"om_disable_all_campaigns":false,"_monsterinsights_skip_tracking":false,"_monsterinsights_sitenote_active":false,"_monsterinsights_sitenote_note":"","_monsterinsights_sitenote_category":0,"_uf_show_specific_survey":0,"_uf_disable_surveys":false,"footnotes":""},"categories":[1],"tags":[],"class_list":["post-6510","post","type-post","status-publish","format-standard","hentry","category-uncategorized"],"aioseo_notices":[],"views":24,"_links":{"self":[{"href":"https:\/\/used82.com\/index.php?rest_route=\/wp\/v2\/posts\/6510","targetHints":{"allow":["GET"]}}],"collection":[{"href":"https:\/\/used82.com\/index.php?rest_route=\/wp\/v2\/posts"}],"about":[{"href":"https:\/\/used82.com\/index.php?rest_route=\/wp\/v2\/types\/post"}],"author":[{"embeddable":true,"href":"https:\/\/used82.com\/index.php?rest_route=\/wp\/v2\/users\/1"}],"replies":[{"embeddable":true,"href":"https:\/\/used82.com\/index.php?rest_route=%2Fwp%2Fv2%2Fcomments&post=6510"}],"version-history":[{"count":0,"href":"https:\/\/used82.com\/index.php?rest_route=\/wp\/v2\/posts\/6510\/revisions"}],"wp:attachment":[{"href":"https:\/\/used82.com\/index.php?rest_route=%2Fwp%2Fv2%2Fmedia&parent=6510"}],"wp:term":[{"taxonomy":"category","embeddable":true,"href":"https:\/\/used82.com\/index.php?rest_route=%2Fwp%2Fv2%2Fcategories&post=6510"},{"taxonomy":"post_tag","embeddable":true,"href":"https:\/\/used82.com\/index.php?rest_route=%2Fwp%2Fv2%2Ftags&post=6510"}],"curies":[{"name":"wp","href":"https:\/\/api.w.org\/{rel}","templated":true}]}}