{"id":6515,"date":"2023-12-21T19:40:11","date_gmt":"2023-12-21T19:40:11","guid":{"rendered":"https:\/\/used82.com\/?p=6515"},"modified":"2023-12-21T19:40:11","modified_gmt":"2023-12-21T19:40:11","slug":"osmani-per-sulmin-ne-prage-jemi-me-familjet-e-viktimave","status":"publish","type":"post","link":"https:\/\/used82.com\/?p=6515","title":{"rendered":"Osmani p\u00ebr sulmin n\u00eb Prag\u00eb: Jemi me familjet e viktimave"},"content":{"rendered":"<p>Presidentja e Kosov\u00ebs, Vjosa Osmani, ka th\u00ebn\u00eb se \u00ebsht\u00eb me familjet e viktimave q\u00eb t\u00eb enjten u vran\u00eb nga nj\u00eb sulm me arm\u00eb n\u00eb qend\u00ebr t\u00eb Prag\u00ebs.<\/p>\n<p>Ajo ka shkruar n\u00eb rrjetin social X se n\u00eb k\u00ebto momente t\u00eb v\u00ebshtira, Kosova solidarizohet me qytetar\u00ebt e \u00c7ekis\u00eb.<\/p>\n<div class=\"mobile-show-more\">\n<p>\u201cJemi me familjet e viktimave dhe me t\u00eb gjith\u00eb ata q\u00eb u p\u00ebrfshin\u00eb nga sulmi i tmerrsh\u00ebm masiv n\u00eb Prag\u00eb sot. N\u00eb k\u00ebto momente pik\u00eblluese, Kosova solidarizohet me qytetar\u00ebt e Prag\u00ebs dhe me miqt\u00eb e aleat\u00ebt tan\u00eb \u00e7ek\u00eb\u201d, ka th\u00ebn\u00eb Osmani.<\/p>\n<p>P\u00ebr sulmin ka shkruar edhe kryeministri i Shqip\u00ebris\u00eb, Edi Rama. Ai \u00ebsht\u00eb shprehur se Shqip\u00ebria e d\u00ebnon fuqish\u00ebm sulmin vdekjeprur\u00ebs dhe \u201cq\u00ebndron me miqt\u00eb \u00e7ek\u00eb n\u00eb koh\u00eb t\u00eb v\u00ebshtira\u201d.<\/p>\n<p>N\u00eb qend\u00ebr t\u00eb Prag\u00ebs u vran\u00eb t\u00eb pakt\u00ebn 15 persona e disa t\u00eb tjer\u00eb t\u00eb plagosur nga nj\u00eb sulm me arm\u00eb nga nj\u00eb i person i armatosur. Sulmuesi \u00ebsht\u00eb vrar\u00eb nga autoritetet n\u00eb vendin e krimit.<\/p>\n<\/div>\n","protected":false},"excerpt":{"rendered":"<p>Presidentja e Kosov\u00ebs, Vjosa Osmani, ka th\u00ebn\u00eb se \u00ebsht\u00eb me familjet e viktimave q\u00eb t\u00eb&#8230;<\/p>\n","protected":false},"author":1,"featured_media":0,"comment_status":"open","ping_status":"open","sticky":false,"template":"","format":"standard","meta":{"om_disable_all_campaigns":false,"_monsterinsights_skip_tracking":false,"_monsterinsights_sitenote_active":false,"_monsterinsights_sitenote_note":"","_monsterinsights_sitenote_category":0,"_uf_show_specific_survey":0,"_uf_disable_surveys":false,"footnotes":""},"categories":[1],"tags":[],"class_list":["post-6515","post","type-post","status-publish","format-standard","hentry","category-uncategorized"],"aioseo_notices":[],"views":35,"_links":{"self":[{"href":"https:\/\/used82.com\/index.php?rest_route=\/wp\/v2\/posts\/6515","targetHints":{"allow":["GET"]}}],"collection":[{"href":"https:\/\/used82.com\/index.php?rest_route=\/wp\/v2\/posts"}],"about":[{"href":"https:\/\/used82.com\/index.php?rest_route=\/wp\/v2\/types\/post"}],"author":[{"embeddable":true,"href":"https:\/\/used82.com\/index.php?rest_route=\/wp\/v2\/users\/1"}],"replies":[{"embeddable":true,"href":"https:\/\/used82.com\/index.php?rest_route=%2Fwp%2Fv2%2Fcomments&post=6515"}],"version-history":[{"count":0,"href":"https:\/\/used82.com\/index.php?rest_route=\/wp\/v2\/posts\/6515\/revisions"}],"wp:attachment":[{"href":"https:\/\/used82.com\/index.php?rest_route=%2Fwp%2Fv2%2Fmedia&parent=6515"}],"wp:term":[{"taxonomy":"category","embeddable":true,"href":"https:\/\/used82.com\/index.php?rest_route=%2Fwp%2Fv2%2Fcategories&post=6515"},{"taxonomy":"post_tag","embeddable":true,"href":"https:\/\/used82.com\/index.php?rest_route=%2Fwp%2Fv2%2Ftags&post=6515"}],"curies":[{"name":"wp","href":"https:\/\/api.w.org\/{rel}","templated":true}]}}