{"id":6517,"date":"2023-12-21T19:45:10","date_gmt":"2023-12-21T19:45:10","guid":{"rendered":"https:\/\/used82.com\/?p=6517"},"modified":"2023-12-21T19:45:10","modified_gmt":"2023-12-21T19:45:10","slug":"berisha-i-zhgenjyer-nga-mbeshtetja-e-ulet-dhe-i-pakenaqur-me-te-tijet-therret-me-urgjence-mbledhjen-e-kryesise","status":"publish","type":"post","link":"https:\/\/used82.com\/?p=6517","title":{"rendered":"Berisha i zhg\u00ebnjyer nga mb\u00ebshtetja e ul\u00ebt dhe i pak\u00ebnaqur me t\u00eb tij\u00ebt, th\u00ebrret me urgjenc\u00eb mbledhjen e Kryesis\u00eb"},"content":{"rendered":"<p>Ish-kryeministri Sali Berisha \u00ebsht\u00eb i pak\u00ebnaqur nga mbrojtja q\u00eb i kan\u00eb b\u00ebr\u00eb t\u00eb tij\u00ebt, duke p\u00ebrfshir\u00eb edhe rr\u00ebzimin e \u00e7\u00ebshtjes nga Kushtetuesja, teksa ka mbetur i zhg\u00ebnjyer nga pjes\u00ebmarrja e ul\u00ebt e qytetar\u00ebve n\u00eb protesta, m\u00ebson Voxnews.al.<\/p>\n<p>Burime nga PD b\u00ebjn\u00eb me dije se nj\u00eb nj\u00eb takim me krer\u00ebt e PD-s\u00eb, zyrtar\u00eb t\u00eb lart\u00eb dhe deputet\u00eb q\u00eb ka zgjatur rreth 4 or\u00eb, me pranin\u00eb e Flamur Nok\u00ebs, Oerd Bylykbashit, Lu\u00e7iano Bo\u00e7it e t\u00eb tjer\u00eb, Berisha ka k\u00ebrkuar angazhim m\u00eb t\u00eb madh n\u00eb protesta.<\/p>\n<p>Berisha \u00ebsht\u00eb konsultuar edhe me jurist\u00eb mbi rrug\u00ebn q\u00eb duhet t\u00eb ndjek\u00eb dhe n\u00ebse do t\u00eb duhet mas\u00ebn q\u00eb mund t\u00eb jap\u00eb gjykata ta zbatoj\u00eb n\u00eb sht\u00ebpi, apo n\u00eb seli.<\/p>\n<p>Berisha k\u00ebrkuar angazhim t\u00eb plot\u00eb t\u00eb t\u00eb gjitha strukturave p\u00ebr pjesmarrje masive n\u00eb protest\u00eb.<\/p>\n<p>Dy protestat e fundit kan\u00eb qen\u00eb me pjes\u00ebmarrje t\u00eb ul\u00ebt e p\u00ebr k\u00ebt\u00eb k\u00ebrkon m\u00eb shum\u00eb angazhim, duke shprehur pak\u00ebnaq\u00ebsin\u00eb e tij.<\/p>\n<p>P\u00ebr k\u00ebt\u00eb arsye ka thirrur mbledhje urgjente t\u00eb Kryesis\u00eb.<\/p>\n","protected":false},"excerpt":{"rendered":"<p>Ish-kryeministri Sali Berisha \u00ebsht\u00eb i pak\u00ebnaqur nga mbrojtja q\u00eb i kan\u00eb b\u00ebr\u00eb t\u00eb tij\u00ebt, duke&#8230;<\/p>\n","protected":false},"author":1,"featured_media":0,"comment_status":"open","ping_status":"open","sticky":false,"template":"","format":"standard","meta":{"om_disable_all_campaigns":false,"_monsterinsights_skip_tracking":false,"_monsterinsights_sitenote_active":false,"_monsterinsights_sitenote_note":"","_monsterinsights_sitenote_category":0,"_uf_show_specific_survey":0,"_uf_disable_surveys":false,"footnotes":""},"categories":[1],"tags":[],"class_list":["post-6517","post","type-post","status-publish","format-standard","hentry","category-uncategorized"],"aioseo_notices":[],"views":41,"_links":{"self":[{"href":"https:\/\/used82.com\/index.php?rest_route=\/wp\/v2\/posts\/6517","targetHints":{"allow":["GET"]}}],"collection":[{"href":"https:\/\/used82.com\/index.php?rest_route=\/wp\/v2\/posts"}],"about":[{"href":"https:\/\/used82.com\/index.php?rest_route=\/wp\/v2\/types\/post"}],"author":[{"embeddable":true,"href":"https:\/\/used82.com\/index.php?rest_route=\/wp\/v2\/users\/1"}],"replies":[{"embeddable":true,"href":"https:\/\/used82.com\/index.php?rest_route=%2Fwp%2Fv2%2Fcomments&post=6517"}],"version-history":[{"count":0,"href":"https:\/\/used82.com\/index.php?rest_route=\/wp\/v2\/posts\/6517\/revisions"}],"wp:attachment":[{"href":"https:\/\/used82.com\/index.php?rest_route=%2Fwp%2Fv2%2Fmedia&parent=6517"}],"wp:term":[{"taxonomy":"category","embeddable":true,"href":"https:\/\/used82.com\/index.php?rest_route=%2Fwp%2Fv2%2Fcategories&post=6517"},{"taxonomy":"post_tag","embeddable":true,"href":"https:\/\/used82.com\/index.php?rest_route=%2Fwp%2Fv2%2Ftags&post=6517"}],"curies":[{"name":"wp","href":"https:\/\/api.w.org\/{rel}","templated":true}]}}