{"id":6521,"date":"2023-12-21T19:52:11","date_gmt":"2023-12-21T19:52:11","guid":{"rendered":"https:\/\/used82.com\/?p=6521"},"modified":"2023-12-21T19:52:11","modified_gmt":"2023-12-21T19:52:11","slug":"u-terrorizuan-me-spekulime-avokati-jashari-flet-per-kerkesen-e-familjes-se-liridona-ademajt-per-takim-me-prokurorine","status":"publish","type":"post","link":"https:\/\/used82.com\/?p=6521","title":{"rendered":"\u201cU terrorizuan me spekulime\u201d, avokati Jashari flet p\u00ebr k\u00ebrkes\u00ebn e familjes s\u00eb Liridona Ademajt p\u00ebr takim me Prokurorin\u00eb"},"content":{"rendered":"<p><strong>Familja e Liridona Ademajt, gruas q\u00eb u vra m\u00eb 29 n\u00ebntor n\u00eb Prishtin\u00eb, ka k\u00ebrkuar nj\u00eb takim urgjent me Prokurorin\u00eb, p\u00ebr t\u00eb marr\u00eb informacion mbi hetimet dhe zhvillimet lidhur me rastin.<\/strong><\/p>\n<p>K\u00ebt\u00eb e ka komentuar avokati, Arb\u00ebr Jashari, i cili ka th\u00ebn\u00eb se k\u00ebrkesa e familjes ka ndodhur, pasi q\u00eb \u00ebsht\u00eb \u201cterrorizuar\u201d me informata edhe spekulative dhe \u201ckjo ua ka rrit\u00eb shqet\u00ebsimin duke menduar se \u00e7ka po b\u00ebhet\u201d.<\/p>\n<p>\u201cMendoj q\u00eb prokurori i ka njoftuar p\u00ebr \u00e7\u00ebshtjet kryesore. Por k\u00ebtu \u00e7\u00ebshtja \u00ebsht\u00eb se \u00ebsht\u00eb b\u00ebr\u00eb shum\u00eb zhurm\u00eb, dhe ajo familje dit\u00ebve t\u00eb fundit ka qen\u00eb e \u201cterrorizuar\u201d me shum\u00eb informata, ndoshta edhe t\u00eb karakterit spekulativ\u201d, tha avokati i Familjes Ademaj n\u00eb RTV Dukagjini.<\/p>\n<p>\u201cDhe kjo ua ka rritur shqet\u00ebsimin duke menduar se \u00e7ka po b\u00ebhet. N\u00eb k\u00ebt\u00eb faz\u00eb \u00ebsht\u00eb mir\u00eb t\u00eb njoftohet, n\u00ebse \u00ebsht\u00eb marr\u00eb deklarat\u00eb e ndonj\u00ebrit prej t\u00eb pandehurve ose \u00ebsht\u00eb marr\u00eb n\u00eb pyetje ndonj\u00eb d\u00ebshmitar\u00eb\u201d, ka shtuar avokati Jashari.<\/p>\n<div class=\"single__article--content\" data-io-article-url=\"https:\/\/telegrafi.com\/u-terrorizuan-spekulime-avokati-jashari-flet-per-kerkesen-e-familjes-se-liridona-ademajt-per-takim-prokurorine\/\">\n<p>Avokati nuk beson q\u00eb prokuroria ka avancuar me veprime t\u00eb r\u00ebnd\u00ebsishme sa q\u00eb do t\u00eb ishte e \u00a0domosdoshme ta njoftoj\u00eb familjen.<\/p>\n<p>\u201cMendoj q\u00eb Prokuroria mund ta njoftoj\u00eb thjesht q\u00eb \u00ebsht\u00eb marr\u00eb kjo prov\u00eb ose ajo, deri n\u00eb at\u00eb sa ta ruaj konfidicialitetin e procedur\u00ebs penale. Mir\u00ebpo mendoj q\u00eb p\u00ebr k\u00ebt\u00eb faz\u00eb nuk pa pasur edhe ndonj\u00eb zhvillim, thjesht nuk \u00ebsht\u00eb kryer ndonj\u00eb hap procedural, \u00ebsht\u00eb caktuar masa e paraburgimit ata akoma nuk e kan\u00eb kryer 30 ditshin e par\u00eb\u201d, ka deklaruar tutje Jashari.<\/p>\n<p><iframe loading=\"lazy\" title=\"Misteret p\u00ebr vrasjen e Liridona Ademajt, \u00e7far\u00eb duhet t\u00eb di familja p\u00ebr vrasjen e saj, tregon Jashari\" src=\"https:\/\/www.youtube.com\/embed\/3JAuZZz-JYI?feature=oembed\" width=\"500\" height=\"281\" frameborder=\"0\" allowfullscreen=\"allowfullscreen\" data-mce-fragment=\"1\"><\/iframe><\/p>\n<\/div>\n","protected":false},"excerpt":{"rendered":"<p>Familja e Liridona Ademajt, gruas q\u00eb u vra m\u00eb 29 n\u00ebntor n\u00eb Prishtin\u00eb, ka k\u00ebrkuar&#8230;<\/p>\n","protected":false},"author":1,"featured_media":0,"comment_status":"open","ping_status":"open","sticky":false,"template":"","format":"standard","meta":{"om_disable_all_campaigns":false,"_monsterinsights_skip_tracking":false,"_monsterinsights_sitenote_active":false,"_monsterinsights_sitenote_note":"","_monsterinsights_sitenote_category":0,"_uf_show_specific_survey":0,"_uf_disable_surveys":false,"footnotes":""},"categories":[1],"tags":[],"class_list":["post-6521","post","type-post","status-publish","format-standard","hentry","category-uncategorized"],"aioseo_notices":[],"views":27,"_links":{"self":[{"href":"https:\/\/used82.com\/index.php?rest_route=\/wp\/v2\/posts\/6521","targetHints":{"allow":["GET"]}}],"collection":[{"href":"https:\/\/used82.com\/index.php?rest_route=\/wp\/v2\/posts"}],"about":[{"href":"https:\/\/used82.com\/index.php?rest_route=\/wp\/v2\/types\/post"}],"author":[{"embeddable":true,"href":"https:\/\/used82.com\/index.php?rest_route=\/wp\/v2\/users\/1"}],"replies":[{"embeddable":true,"href":"https:\/\/used82.com\/index.php?rest_route=%2Fwp%2Fv2%2Fcomments&post=6521"}],"version-history":[{"count":0,"href":"https:\/\/used82.com\/index.php?rest_route=\/wp\/v2\/posts\/6521\/revisions"}],"wp:attachment":[{"href":"https:\/\/used82.com\/index.php?rest_route=%2Fwp%2Fv2%2Fmedia&parent=6521"}],"wp:term":[{"taxonomy":"category","embeddable":true,"href":"https:\/\/used82.com\/index.php?rest_route=%2Fwp%2Fv2%2Fcategories&post=6521"},{"taxonomy":"post_tag","embeddable":true,"href":"https:\/\/used82.com\/index.php?rest_route=%2Fwp%2Fv2%2Ftags&post=6521"}],"curies":[{"name":"wp","href":"https:\/\/api.w.org\/{rel}","templated":true}]}}