{"id":6523,"date":"2023-12-21T19:55:25","date_gmt":"2023-12-21T19:55:25","guid":{"rendered":"https:\/\/used82.com\/?p=6523"},"modified":"2023-12-21T19:55:25","modified_gmt":"2023-12-21T19:55:25","slug":"edi-rama-do-perfundoje-si-enver-hoxha-mesazhet-ne-protesten-e-opozites","status":"publish","type":"post","link":"https:\/\/used82.com\/?p=6523","title":{"rendered":"\u201cEdi Rama do p\u00ebrfundoj\u00eb si Enver Hoxha\u201d\/ Mesazhet n\u00eb protest\u00ebn e opozit\u00ebs"},"content":{"rendered":"<p>Rreth 1 or\u00eb zgjati protesta e thirrur nga opozita k\u00ebt\u00eb t\u00eb Enjte para Kuvendit, q\u00eb\u00a0<strong><a href=\"https:\/\/boldnews.al\/2023\/12\/21\/lajm-i-fundit-mazhoranca-ne-kuvend-voton-arrestimin-e-berishes\/\" target=\"_blank\" rel=\"noopener\">miratoi me votat e socialist\u00ebve k\u00ebrkes\u00ebn e SPAK p\u00ebr arrestimin e kryedemokratit Sali Berisha.<\/a><\/strong><\/p>\n<p>Protesta e nisur rreth or\u00ebs 9:30 ishte pa incidente dhe pati nj\u00eb organizimi t\u00eb ngjash\u00ebm me at\u00eb<strong><a href=\"https:\/\/boldnews.al\/2023\/12\/18\/caktohen-datat-e-radhes-te-protestave-te-opozites-berisha-nuk-ka-force-qe-na-ndal\/\" target=\"_blank\" rel=\"noopener\">\u00a0t\u00eb zhvilluar t\u00eb H\u00ebn\u00ebn te kryesia e Kuvendit<\/a>.\u00a0<\/strong>Mes fol\u00ebsve q\u00eb mbajt\u00ebn fjalime n\u00eb nj\u00eb podium t\u00eb ngritur rishtasi, ishte dhe kryedemokrati Sali Berisha, q\u00eb iu bashkua protest\u00ebs pas p\u00ebrfundimit t\u00eb seanc\u00ebs n\u00eb Kuvend.<\/p>\n<p><strong><a href=\"https:\/\/www.facebook.com\/SaliBerisha\/videos\/281263554528989\" target=\"_blank\" rel=\"noopener\">Berisha tha<\/a><\/strong>\u00a0se, rr\u00ebzimi i Ram\u00ebs nga pushteti \u201c\u00ebsht\u00eb misioni yn\u00eb i shenjt\u00eb\u201d, nd\u00ebrsa shtoi se \u201copozita i kalli tmerrin regjimit\u201d.<\/p>\n<p>Kreu i PD deklaroi se, opozita nuk mund t\u00eb hesht\u00eb para aferave miliard\u00ebshe t\u00eb qeveris\u00eb Rama.\u00a0<em>\u201cNe nuk mund t\u00eb heshtim kurr\u00eb p\u00ebrpara xhelat\u00ebve t\u00eb ligjit, t\u00eb t\u00eb drejt\u00ebs, n\u00eb zyrat e shtetit, para skapist\u00ebve amoral\u00eb, t\u00eb cil\u00ebt amnistojn\u00eb vjedhje q\u00eb arrijn\u00eb dhe do arrijn\u00eb n\u00eb 1 miliard\u00eb euro<\/em>\u201d, shtoi ai.<\/p>\n<p>Kryedemokrati u shpreh m\u00eb tej se, Edi Rama<em>\u00a0\u201cka krijuar me reform\u00ebn e Xhorxh Sorosit, organet e drejt\u00ebsis\u00eb si seksione t\u00eb Partis\u00eb Socialiste. Seksione krimi ato t\u00eb cilat amnistojn\u00eb Erion Veliajn, Ilir Beqajn dhe Edi Ram\u00ebn\u201d.<\/em><\/p>\n<p>Berisha delaroi se protestat do t\u00eb vijojn\u00eb. M\u00eb tej, ai iu drejtua selis\u00eb s\u00eb PD-s\u00eb, i njekur nga mb\u00ebshtet\u00ebs. N\u00eb nj\u00eb prononcim p\u00ebr gazetar\u00ebt prej aty, i pyetur se si ndihej tani q\u00eb ishte pa imunitet, kryedemokrati u shpreh se ishte m\u00eb i fort\u00eb se kurr\u00eb.<\/p>\n<p>\u201c<em>Jam m\u00eb i vendosur se kurr\u00eb n\u00eb mbrojtje t\u00eb kauz\u00ebs s\u00eb drejt\u00eb opozit\u00ebs. Un\u00eb i garantoj shqiptar\u00ebt se kjo kauz\u00eb e drejt\u00eb do triumfoj\u00eb. Se forc\u00eb n\u00eb bot\u00eb q\u00eb t\u00eb mposht\u00eb idealet e demokracis\u00eb, nuk ka dhe nuk do ket\u00eb. Se kjo band\u00eb q\u00eb q\u00ebndron n\u00eb pushtet me lidhjet e krimit, drog\u00ebs dhe vjedhjes s\u00eb shqiptar\u00ebve, do i ket\u00eb koh\u00ebt e num\u00ebruara. Se Edi Rama do p\u00ebrfundoj\u00eb si gjyshi i tij Enver Hoxha n\u00eb kalendat e historis\u00eb. Se shqiptar\u00ebt do ken\u00eb qeveritar\u00ebt e tyre, opozit\u00ebn e tyre ashtu si\u00e7 meritojn\u00eb\u201d,<\/em>\u00a0theksoi Berisha.<\/p>\n<p><em>\u201cGjith\u00e7ka \u00ebsht\u00eb nd\u00ebrmarr\u00eb ndaj meje \u00ebsht\u00eb ilegjitime dhe kjo nuk ka asnj\u00eb diskutim. Vendimet nga alfa te omega, jan\u00eb marr\u00eb si hakmarrje e mir\u00ebfillt\u00eb politike n\u00eb shkelje t\u00eb \u00e7do parimi dhe \u00e7do ligji t\u00eb k\u00ebtij vendi\u201d,<\/em>\u00a0shtoi ai.<\/p>\n<p>Fjalimi i Berish\u00ebs sh\u00ebnoi dhe mbylljen e protest\u00ebs.<\/p>\n<p><iframe loading=\"lazy\" src=\"https:\/\/www.facebook.com\/plugins\/video.php?height=314&amp;href=https%3A%2F%2Fwww.facebook.com%2FSaliBerisha%2Fvideos%2F334116979474856%2F&amp;show_text=false&amp;width=560&amp;t=0\" width=\"560\" height=\"314\" frameborder=\"0\" scrolling=\"no\" allowfullscreen=\"allowfullscreen\" data-mce-fragment=\"1\"><\/iframe><\/p>\n","protected":false},"excerpt":{"rendered":"<p>Rreth 1 or\u00eb zgjati protesta e thirrur nga opozita k\u00ebt\u00eb t\u00eb Enjte para Kuvendit, q\u00eb\u00a0miratoi&#8230;<\/p>\n","protected":false},"author":1,"featured_media":0,"comment_status":"open","ping_status":"open","sticky":false,"template":"","format":"standard","meta":{"om_disable_all_campaigns":false,"_monsterinsights_skip_tracking":false,"_monsterinsights_sitenote_active":false,"_monsterinsights_sitenote_note":"","_monsterinsights_sitenote_category":0,"_uf_show_specific_survey":0,"_uf_disable_surveys":false,"footnotes":""},"categories":[1],"tags":[],"class_list":["post-6523","post","type-post","status-publish","format-standard","hentry","category-uncategorized"],"aioseo_notices":[],"views":35,"_links":{"self":[{"href":"https:\/\/used82.com\/index.php?rest_route=\/wp\/v2\/posts\/6523","targetHints":{"allow":["GET"]}}],"collection":[{"href":"https:\/\/used82.com\/index.php?rest_route=\/wp\/v2\/posts"}],"about":[{"href":"https:\/\/used82.com\/index.php?rest_route=\/wp\/v2\/types\/post"}],"author":[{"embeddable":true,"href":"https:\/\/used82.com\/index.php?rest_route=\/wp\/v2\/users\/1"}],"replies":[{"embeddable":true,"href":"https:\/\/used82.com\/index.php?rest_route=%2Fwp%2Fv2%2Fcomments&post=6523"}],"version-history":[{"count":0,"href":"https:\/\/used82.com\/index.php?rest_route=\/wp\/v2\/posts\/6523\/revisions"}],"wp:attachment":[{"href":"https:\/\/used82.com\/index.php?rest_route=%2Fwp%2Fv2%2Fmedia&parent=6523"}],"wp:term":[{"taxonomy":"category","embeddable":true,"href":"https:\/\/used82.com\/index.php?rest_route=%2Fwp%2Fv2%2Fcategories&post=6523"},{"taxonomy":"post_tag","embeddable":true,"href":"https:\/\/used82.com\/index.php?rest_route=%2Fwp%2Fv2%2Ftags&post=6523"}],"curies":[{"name":"wp","href":"https:\/\/api.w.org\/{rel}","templated":true}]}}