{"id":6530,"date":"2023-12-21T20:06:02","date_gmt":"2023-12-21T20:06:02","guid":{"rendered":"https:\/\/used82.com\/?p=6530"},"modified":"2023-12-21T20:06:02","modified_gmt":"2023-12-21T20:06:02","slug":"kfor-i-pas-banjskes-kemi-shtuar-1000-trupa-e-pajisje-me-te-renda","status":"publish","type":"post","link":"https:\/\/used82.com\/?p=6530","title":{"rendered":"KFOR-i pas Banjsk\u00ebs: Kemi shtuar 1000 trupa e pajisje m\u00eb t\u00eb r\u00ebnda"},"content":{"rendered":"<p>Misioni i Organizat\u00ebs s\u00eb Traktatit t\u00eb Atlantikut Verior (NATO) n\u00eb Kosov\u00eb, KFOR ka konfirmuar se ka shtuar numrin e ushtar\u00ebve rreth 1000 dhe \u00ebsht\u00eb p\u00ebrforcuar me makineri m\u00eb t\u00eb r\u00ebnd\u00eb, pas sulmit terrorist n\u00eb Banjsk\u00eb m\u00eb 24 shtator.<\/p>\n<p>N\u00eb nj\u00eb p\u00ebrgjigje p\u00ebr KOH\u00cbN, KFOR-i ka th\u00ebn\u00eb se nuk spekulon p\u00ebr mund\u00ebsin\u00eb e ndonj\u00eb sulmi tjet\u00ebr t\u00eb mundsh\u00ebm n\u00eb veri, pas alarmit q\u00eb b\u00ebn\u00eb lider\u00ebt e shtetit jav\u00ebve t\u00eb fundit.<\/p>\n<div class=\"mobile-show-more\">\n<p>\u201cNe nuk do t\u00eb spekulojm\u00eb p\u00ebr ndonj\u00eb skenar t\u00eb ardhsh\u00ebm. Jemi n\u00eb kontakt t\u00eb ngusht\u00eb me institucionet n\u00eb Kosov\u00eb dhe me organizatat e siguris\u00eb s\u00eb Kosov\u00ebs, si dhe me pal\u00eb t\u00eb tjera, duke p\u00ebrfshir\u00eb misionin e BE-s\u00eb p\u00ebr Sundimin e Ligjit (EULEX), Shefin e Shtabit t\u00eb Forcave t\u00eb Armatosura Serbe, OSBE-n\u00eb dhe OKB-n\u00eb\u201d, thuhet n\u00eb p\u00ebrgjigjen e KFOR-it.<\/p>\n<p>N\u00eb p\u00ebrgjigje \u00ebsht\u00eb th\u00ebn\u00eb po ashtu se \u00ebsht\u00eb trefishuar patrullimi p\u00ebrgjat\u00eb kufirit Kosov\u00eb-Serbi. KFOR-i ka th\u00ebn\u00eb se mbetet i fokusuar n\u00eb zbatimin e mandatit q\u00eb ka, p\u00ebr t\u00eb ofruar siguri n\u00eb Kosov\u00eb.<\/p>\n<p>\u201cPas rritjes s\u00eb tensioneve muajve t\u00eb fundit, NATO ka vendosur 1000 trupa shtes\u00eb dhe pajisje m\u00eb t\u00eb r\u00ebnda. Ne kemi kat\u00ebrfishuar pranin\u00eb e KFOR-it n\u00eb veri t\u00eb Kosov\u00ebs dhe kemi trefishuar numrin e patrullave, duke p\u00ebrfshir\u00eb edhe p\u00ebrgjat\u00eb vij\u00ebs kufitare administrative. K\u00ebto jan\u00eb hapa t\u00eb matur p\u00ebr t\u00eb siguruar q\u00eb misioni i KFOR-it t\u00eb ket\u00eb burimet e nevojshme p\u00ebr t\u00eb trajtuar \u00e7do skenar dhe p\u00ebr t\u00eb vazhduar zbatimin e mandatit t\u00eb tij t\u00eb OKB-s\u00eb\u201d, thuhet m\u00eb tej n\u00eb p\u00ebrgjigje.<\/p>\n<p>KFOR-i ka th\u00ebn\u00eb se ka bashk\u00ebpunim t\u00eb ngusht\u00eb me Policin\u00eb e Kosov\u00ebs dhe EULEX-in p\u00ebr t\u00eb parandaluar p\u00ebrshkall\u00ebzimin e mundsh\u00ebm dhe se jan\u00eb t\u00eb gatsh\u00ebm t\u2019i p\u00ebrgjigjen \u00e7far\u00ebdo sfide.<\/p>\n<p>Sipas KFOR-it, vizita e sekretarit t\u00eb p\u00ebrgjithsh\u00ebm t\u00eb NATO-s, Jens Stoltenberg, muajin e shkuar n\u00eb Kosov\u00eb, ka qen\u00eb mesazh i qart\u00eb q\u00eb duhet t\u00eb ulen tensionet dhe t\u00eb ket\u00eb p\u00ebrmbajtje nga veprimet q\u00eb \u00e7ojn\u00eb drejt p\u00ebrshkall\u00ebzimit t\u00eb situat\u00ebs.<\/p>\n<p>N\u00eb fund t\u00eb shtatorit, n\u00eb nj\u00eb sulm t\u00eb organizuar nga serb\u00eb t\u00eb armatosur u vra polici Afrim Bunjaku. N\u00eb aksionin pasues, nga Policia u vran\u00eb tre sulmues, nd\u00ebrsa shumica e grupit arriti t\u00eb ikte.<\/p>\n<p>Q\u00eb nga ajo koh\u00eb, lider\u00ebt e Kosov\u00ebs kan\u00eb alarmuar n\u00eb vazhdim\u00ebsi p\u00ebr prani t\u00eb shtuar ushtarake nga Serbia p\u00ebrgjat\u00eb kufirit me Kosov\u00ebn.<\/p>\n<\/div>\n","protected":false},"excerpt":{"rendered":"<p>Misioni i Organizat\u00ebs s\u00eb Traktatit t\u00eb Atlantikut Verior (NATO) n\u00eb Kosov\u00eb, KFOR ka konfirmuar se&#8230;<\/p>\n","protected":false},"author":1,"featured_media":0,"comment_status":"open","ping_status":"open","sticky":false,"template":"","format":"standard","meta":{"om_disable_all_campaigns":false,"_monsterinsights_skip_tracking":false,"_monsterinsights_sitenote_active":false,"_monsterinsights_sitenote_note":"","_monsterinsights_sitenote_category":0,"_uf_show_specific_survey":0,"_uf_disable_surveys":false,"footnotes":""},"categories":[1],"tags":[],"class_list":["post-6530","post","type-post","status-publish","format-standard","hentry","category-uncategorized"],"aioseo_notices":[],"views":37,"_links":{"self":[{"href":"https:\/\/used82.com\/index.php?rest_route=\/wp\/v2\/posts\/6530","targetHints":{"allow":["GET"]}}],"collection":[{"href":"https:\/\/used82.com\/index.php?rest_route=\/wp\/v2\/posts"}],"about":[{"href":"https:\/\/used82.com\/index.php?rest_route=\/wp\/v2\/types\/post"}],"author":[{"embeddable":true,"href":"https:\/\/used82.com\/index.php?rest_route=\/wp\/v2\/users\/1"}],"replies":[{"embeddable":true,"href":"https:\/\/used82.com\/index.php?rest_route=%2Fwp%2Fv2%2Fcomments&post=6530"}],"version-history":[{"count":0,"href":"https:\/\/used82.com\/index.php?rest_route=\/wp\/v2\/posts\/6530\/revisions"}],"wp:attachment":[{"href":"https:\/\/used82.com\/index.php?rest_route=%2Fwp%2Fv2%2Fmedia&parent=6530"}],"wp:term":[{"taxonomy":"category","embeddable":true,"href":"https:\/\/used82.com\/index.php?rest_route=%2Fwp%2Fv2%2Fcategories&post=6530"},{"taxonomy":"post_tag","embeddable":true,"href":"https:\/\/used82.com\/index.php?rest_route=%2Fwp%2Fv2%2Ftags&post=6530"}],"curies":[{"name":"wp","href":"https:\/\/api.w.org\/{rel}","templated":true}]}}