{"id":6532,"date":"2023-12-22T07:19:32","date_gmt":"2023-12-22T07:19:32","guid":{"rendered":"https:\/\/used82.com\/?p=6532"},"modified":"2023-12-22T07:19:32","modified_gmt":"2023-12-22T07:19:32","slug":"burg-apo-arrest-shtepie-per-berishen-hoxha-tregon-cfare-do-kerkojne-prokuroret-e-spak","status":"publish","type":"post","link":"https:\/\/used82.com\/?p=6532","title":{"rendered":"Burg apo \u201carrest sht\u00ebpie\u201d p\u00ebr Berish\u00ebn? Hoxha tregon \u00e7far\u00eb do k\u00ebrkojn\u00eb prokuror\u00ebt e SPAK"},"content":{"rendered":"<p>N\u00eb nj\u00eb lidhje direkte me Top Story, gazetarja Anila Hoxha tha se gjasat jan\u00eb q\u00eb prokuror\u00ebt t\u00eb vendosin arrest sht\u00ebpiak p\u00ebr ish-kryeministrin Sali Berisha.<\/p>\n<p>\u201cNga hyrja kryesore prej nga kalojn\u00eb pragun e godin\u00ebs s\u00eb posa\u00e7me t\u00eb gjith\u00eb gjyqtar\u00ebt dhe prokuror\u00ebt antikorrupsion, ku do duhet edhe dit\u00ebn e nes\u00ebrme t\u00eb kalojn\u00eb s\u00ebrish k\u00ebt\u00eb prag edhe dy prokuror\u00ebt e t\u00eb dosjes \u2018Partizani\u2019, t\u00eb cil\u00ebt gjat\u00eb dit\u00ebs s\u00eb sotme nuk mor\u00ebn asnj\u00eb vendim pasi mor\u00ebn n\u00eb dispozicion autorizimin ndaj ish kryeministrit Berisha.<\/p>\n<p>Atyre iu \u00ebsht\u00eb nevojitur m\u00eb shum\u00eb koh\u00eb dhe e kan\u00eb \u00e7muar s\u00eb bashku q\u00eb k\u00ebt\u00eb k\u00ebrkes\u00eb ta dor\u00ebzojn\u00eb dit\u00ebn e premte. Ata po p\u00ebrgatiten ende nd\u00ebrsa n\u00eb godin\u00eb nuk ka asnj\u00eb prokuror nd\u00ebrkoh\u00eb b\u00ebhet me dije se jan\u00eb af\u00ebr mbarimit t\u00eb arsyetimit ku ata bazohen q\u00eb nuk \u00ebsht\u00eb vendosur ende n\u00ebse do t\u00eb jet\u00eb arrest me burg apo arrest sht\u00ebpiak.<\/p>\n<p>Arben Kraja la t\u00eb kuptohej se mund t\u2019i drejtohen gjykat\u00ebs duke e l\u00ebn\u00eb n\u00eb \u00e7mim t\u00eb gjyqtares e cila do duhet t\u00eb vendos\u00eb nj\u00eb mas\u00eb sigurie. Ato do detyrohen t\u00eb japin n\u00eb seanc\u00eb nj\u00eb vendim n\u00ebse do jen\u00eb arrest sht\u00ebpie apo n\u00eb burg. Sidoqoft\u00eb, m\u00eb af\u00ebr mund\u00ebsis\u00eb ata mund t\u00eb k\u00ebrkojn\u00eb mas\u00ebn e arrestit sht\u00ebpiak. Prokuror\u00ebt jan\u00eb t\u00eb lir\u00eb t\u00eb k\u00ebrkojn\u00eb mas\u00ebn e siguris\u00eb. Pritshm\u00ebrit\u00eb jan\u00eb q\u00eb kjo \u00e7\u00ebshtje t\u00eb shqyrtohet nga Irena Gjoka.\u201d-tha Anila Hoxha gjat\u00eb lidhjes live n\u00eb Top Story.<\/p>\n","protected":false},"excerpt":{"rendered":"<p>N\u00eb nj\u00eb lidhje direkte me Top Story, gazetarja Anila Hoxha tha se gjasat jan\u00eb q\u00eb&#8230;<\/p>\n","protected":false},"author":1,"featured_media":6533,"comment_status":"open","ping_status":"open","sticky":false,"template":"","format":"standard","meta":{"om_disable_all_campaigns":false,"_monsterinsights_skip_tracking":false,"_monsterinsights_sitenote_active":false,"_monsterinsights_sitenote_note":"","_monsterinsights_sitenote_category":0,"_uf_show_specific_survey":0,"_uf_disable_surveys":false,"footnotes":""},"categories":[1],"tags":[],"class_list":["post-6532","post","type-post","status-publish","format-standard","has-post-thumbnail","hentry","category-uncategorized"],"aioseo_notices":[],"views":32,"_links":{"self":[{"href":"https:\/\/used82.com\/index.php?rest_route=\/wp\/v2\/posts\/6532","targetHints":{"allow":["GET"]}}],"collection":[{"href":"https:\/\/used82.com\/index.php?rest_route=\/wp\/v2\/posts"}],"about":[{"href":"https:\/\/used82.com\/index.php?rest_route=\/wp\/v2\/types\/post"}],"author":[{"embeddable":true,"href":"https:\/\/used82.com\/index.php?rest_route=\/wp\/v2\/users\/1"}],"replies":[{"embeddable":true,"href":"https:\/\/used82.com\/index.php?rest_route=%2Fwp%2Fv2%2Fcomments&post=6532"}],"version-history":[{"count":0,"href":"https:\/\/used82.com\/index.php?rest_route=\/wp\/v2\/posts\/6532\/revisions"}],"wp:featuredmedia":[{"embeddable":true,"href":"https:\/\/used82.com\/index.php?rest_route=\/wp\/v2\/media\/6533"}],"wp:attachment":[{"href":"https:\/\/used82.com\/index.php?rest_route=%2Fwp%2Fv2%2Fmedia&parent=6532"}],"wp:term":[{"taxonomy":"category","embeddable":true,"href":"https:\/\/used82.com\/index.php?rest_route=%2Fwp%2Fv2%2Fcategories&post=6532"},{"taxonomy":"post_tag","embeddable":true,"href":"https:\/\/used82.com\/index.php?rest_route=%2Fwp%2Fv2%2Ftags&post=6532"}],"curies":[{"name":"wp","href":"https:\/\/api.w.org\/{rel}","templated":true}]}}