{"id":6537,"date":"2023-12-22T07:29:27","date_gmt":"2023-12-22T07:29:27","guid":{"rendered":"https:\/\/used82.com\/?p=6537"},"modified":"2023-12-22T07:29:27","modified_gmt":"2023-12-22T07:29:27","slug":"presidenti-bullgar-vjen-per-vizite-dyditore-ne-kosove","status":"publish","type":"post","link":"https:\/\/used82.com\/?p=6537","title":{"rendered":"Presidenti bullgar vjen p\u00ebr vizit\u00eb dyditore n\u00eb Kosov\u00eb"},"content":{"rendered":"<p><b>Presidenti i Bullgaris\u00eb, Rumen Radev, do t\u00eb q\u00ebndroj\u00eb p\u00ebr vizit\u00eb zyrtare n\u00eb Kosov\u00eb, sot m\u00eb 22 dhe nes\u00ebr 23 dhjetor.<\/b><\/p>\n<p>Ai me k\u00ebt\u00eb rast do t\u00eb pritet nga presidentja Vjosa Osmani me ceremoni shtet\u00ebrore, n\u00eb or\u00ebn 10:00, n\u00eb sheshin \u201cIbrahim Rugova\u201d.<\/p>\n<p>President\u00ebt Osmani dhe Radev do t\u00eb mbajn\u00eb edhe nj\u00eb konferenc\u00eb p\u00ebr media, njofton Presidenca e Kosov\u00ebs.<\/p>\n","protected":false},"excerpt":{"rendered":"<p>Presidenti i Bullgaris\u00eb, Rumen Radev, do t\u00eb q\u00ebndroj\u00eb p\u00ebr vizit\u00eb zyrtare n\u00eb Kosov\u00eb, sot m\u00eb&#8230;<\/p>\n","protected":false},"author":1,"featured_media":0,"comment_status":"open","ping_status":"open","sticky":false,"template":"","format":"standard","meta":{"om_disable_all_campaigns":false,"_monsterinsights_skip_tracking":false,"_monsterinsights_sitenote_active":false,"_monsterinsights_sitenote_note":"","_monsterinsights_sitenote_category":0,"_uf_show_specific_survey":0,"_uf_disable_surveys":false,"footnotes":""},"categories":[1],"tags":[],"class_list":["post-6537","post","type-post","status-publish","format-standard","hentry","category-uncategorized"],"aioseo_notices":[],"views":48,"_links":{"self":[{"href":"https:\/\/used82.com\/index.php?rest_route=\/wp\/v2\/posts\/6537","targetHints":{"allow":["GET"]}}],"collection":[{"href":"https:\/\/used82.com\/index.php?rest_route=\/wp\/v2\/posts"}],"about":[{"href":"https:\/\/used82.com\/index.php?rest_route=\/wp\/v2\/types\/post"}],"author":[{"embeddable":true,"href":"https:\/\/used82.com\/index.php?rest_route=\/wp\/v2\/users\/1"}],"replies":[{"embeddable":true,"href":"https:\/\/used82.com\/index.php?rest_route=%2Fwp%2Fv2%2Fcomments&post=6537"}],"version-history":[{"count":0,"href":"https:\/\/used82.com\/index.php?rest_route=\/wp\/v2\/posts\/6537\/revisions"}],"wp:attachment":[{"href":"https:\/\/used82.com\/index.php?rest_route=%2Fwp%2Fv2%2Fmedia&parent=6537"}],"wp:term":[{"taxonomy":"category","embeddable":true,"href":"https:\/\/used82.com\/index.php?rest_route=%2Fwp%2Fv2%2Fcategories&post=6537"},{"taxonomy":"post_tag","embeddable":true,"href":"https:\/\/used82.com\/index.php?rest_route=%2Fwp%2Fv2%2Ftags&post=6537"}],"curies":[{"name":"wp","href":"https:\/\/api.w.org\/{rel}","templated":true}]}}