{"id":6546,"date":"2023-12-22T09:29:18","date_gmt":"2023-12-22T09:29:18","guid":{"rendered":"https:\/\/used82.com\/?p=6546"},"modified":"2023-12-22T09:29:18","modified_gmt":"2023-12-22T09:29:18","slug":"alina-nuk-vrau-mjaftueshem-kush-eshte-vajza-qe-frymezoi-24-vjecarin-te-ekzekutonte-14-personat-ne-prage","status":"publish","type":"post","link":"https:\/\/used82.com\/?p=6546","title":{"rendered":"\u201cAlina nuk vrau mjaftuesh\u00ebm\u2026\u201d\/ Kush \u00ebsht\u00eb vajza q\u00eb frym\u00ebzoi 24-vje\u00e7arin t\u00eb ekzekutonte 14 personat n\u00eb Prag\u00eb"},"content":{"rendered":"<p>Policia \u00e7eke m\u00ebsoi se ai po shkonte drejt kryeqytetit dhe planifikonte t\u00eb vriste veten.<\/p>\n<div class=\"code-block code-block-6\">\n<p>Detaje t\u00eb reja kan\u00eb dal\u00eb n\u00eb drit\u00eb p\u00ebr masakr\u00ebn n\u00eb Prag\u00eb, ku nj\u00eb 24-vje\u00e7ar vrau me arm\u00eb 14 persona n\u00eb nj\u00eb universitet t\u00eb kryeqytetit \u00e7ek.<\/p>\n<p>Sipas d\u00ebshmive, Kozak ka qen\u00eb student i zellsh\u00ebm, por ka pasur edhe probleme psikologjike. N\u00eb maj ai fitoi nj\u00eb \u00e7mim p\u00ebr tez\u00ebn e tij. Studenti nuk kishte precedent\u00eb penal\u00eb, por, si pronar i ligjsh\u00ebm i arm\u00ebve, kishte nj\u00eb interes p\u00ebr arm\u00ebt.<\/p>\n<p>Ai ishte diplomuar p\u00ebr histori dhe studime evropiane dhe vazhdoi me master, duke u fokusuar n\u00eb historin\u00eb e Polonis\u00eb.<\/p>\n<p>Megjithat\u00eb, mesazhet e postuara nga i riu n\u00eb Telegram jav\u00ebt e fundit japin nj\u00eb pamje krejt\u00ebsisht t\u00eb ndryshme t\u00eb tij.<\/p>\n<p>Studenti 24-vje\u00e7ar i Shkoll\u00ebs Filozofike t\u00eb Universitetit Charles ishte ankuar p\u00ebr \u201cjet\u00ebn e tij t\u00eb mjerueshme\u201d dhe kishte shkruar nd\u00ebr t\u00eb tjera se \u201cgjithmon\u00eb donte t\u00eb vriste dik\u00eb\u201d.<\/p>\n<p>N\u00eb nj\u00eb mesazh t\u00eb dat\u00ebs 10 dhjetor, sulmuesi shkroi se ishte \u201cshum\u00eb i frym\u00ebzuar nga Alina\u201d. Ai i referohej 14-vje\u00e7ares Alina Afanaskina. Vajza q\u00eblloi dhe vrau dy persona n\u00eb shkoll\u00ebn e saj n\u00eb qytetin rus t\u00eb Bryansk m\u00eb 7 dhjetor dhe m\u00eb pas vrau edhe veten. \u201cPor Alina nuk vrau mjaftuesh\u00ebm njer\u00ebz, do ta rregulloj\u201d, kishte shkruar Kozak.<\/p>\n<p>Postimi i vras\u00ebsit<img loading=\"lazy\" decoding=\"async\" class=\"alignnone size-full wp-image-500902\" src=\"https:\/\/shqiperia-ime.com\/wp-content\/uploads\/2023\/12\/po-4.webp\" sizes=\"auto, (max-width: 587px) 100vw, 587px\" srcset=\"https:\/\/shqiperia-ime.com\/wp-content\/uploads\/2023\/12\/po-4.webp 587w, https:\/\/shqiperia-ime.com\/wp-content\/uploads\/2023\/12\/po-4-244x300.webp 244w, https:\/\/shqiperia-ime.com\/wp-content\/uploads\/2023\/12\/po-4-585x721.webp 585w\" alt=\"\" width=\"587\" height=\"723\" \/><\/p>\n<p>\u201cDua t\u00eb sulmoj nj\u00eb shkoll\u00eb dhe ndoshta t\u00eb vras \u200b\u200bveten. Alina Afanaskina m\u00eb ndihmoi. Gjithmon\u00eb kam dashur t\u00eb vras, kam menduar se n\u00eb t\u00eb ardhmen do t\u00eb b\u00ebhem maniak. Ishte m\u00eb fitimprur\u00ebse sulmi masiv sesa brezi. U ula, prita, pata \u00ebnd\u00ebrr\u201d, dyshohet se ka shkruar ai nd\u00ebr t\u00eb tjera.<br \/>\nKozak do t\u00eb udh\u00ebtonte 13 milje nga sht\u00ebpia e tij n\u00eb Prag\u00eb p\u00ebr leksione n\u00eb Shkoll\u00ebn e Artit t\u00eb Universitetit Charles. Ai duket se ka jetuar n\u00eb fshatin Bohemian qendror t\u00eb Hostun me t\u00eb atin n\u00eb nj\u00eb sht\u00ebpi t\u00eb madhe familjare.<\/p>\n<p>\u201cParoksizmi\u201d i tij vras\u00ebs nisi me viktim\u00ebn e babait t\u00eb tij, i cili u gjet i vdekur.<\/p>\n<p>\u201cAi ishte nj\u00eb djal\u00eb introvert, mjaft i \u00e7uditsh\u00ebm si \u00e7do budalla tjet\u00ebr,\u201d tha nj\u00eb banor p\u00ebr mediat lokale.<\/p>\n<p>\u201cFamilja dukej normale. Ne shkuam n\u00eb vil\u00ebn e tyre vite m\u00eb par\u00eb. Babai i tij ishte shefi im dhe ata ishin miq jasht\u00eb pun\u00ebs, p\u00ebrfshir\u00eb gruan e tij\u201d.<\/p>\n<p>\u00cbsht\u00eb ende e paqart\u00eb se \u00e7far\u00eb ka ndodhur sakt\u00ebsisht m\u00ebngjesin e 21 dhjetorit. Ajo q\u00eb v\u00ebrtetohet \u00ebsht\u00eb se Kozak vrau baban\u00eb e tij p\u00ebrpara se t\u00eb shkonte n\u00eb Prag\u00eb.<\/p>\n<p>Policia \u00e7eke m\u00ebsoi se ai po shkonte drejt kryeqytetit dhe planifikonte t\u00eb vriste veten.<\/p>\n<\/div>\n","protected":false},"excerpt":{"rendered":"<p>Policia \u00e7eke m\u00ebsoi se ai po shkonte drejt kryeqytetit dhe planifikonte t\u00eb vriste veten. Detaje&#8230;<\/p>\n","protected":false},"author":1,"featured_media":6547,"comment_status":"open","ping_status":"open","sticky":false,"template":"","format":"standard","meta":{"om_disable_all_campaigns":false,"_monsterinsights_skip_tracking":false,"_monsterinsights_sitenote_active":false,"_monsterinsights_sitenote_note":"","_monsterinsights_sitenote_category":0,"_uf_show_specific_survey":0,"_uf_disable_surveys":false,"footnotes":""},"categories":[1],"tags":[],"class_list":["post-6546","post","type-post","status-publish","format-standard","has-post-thumbnail","hentry","category-uncategorized"],"aioseo_notices":[],"views":20,"_links":{"self":[{"href":"https:\/\/used82.com\/index.php?rest_route=\/wp\/v2\/posts\/6546","targetHints":{"allow":["GET"]}}],"collection":[{"href":"https:\/\/used82.com\/index.php?rest_route=\/wp\/v2\/posts"}],"about":[{"href":"https:\/\/used82.com\/index.php?rest_route=\/wp\/v2\/types\/post"}],"author":[{"embeddable":true,"href":"https:\/\/used82.com\/index.php?rest_route=\/wp\/v2\/users\/1"}],"replies":[{"embeddable":true,"href":"https:\/\/used82.com\/index.php?rest_route=%2Fwp%2Fv2%2Fcomments&post=6546"}],"version-history":[{"count":0,"href":"https:\/\/used82.com\/index.php?rest_route=\/wp\/v2\/posts\/6546\/revisions"}],"wp:featuredmedia":[{"embeddable":true,"href":"https:\/\/used82.com\/index.php?rest_route=\/wp\/v2\/media\/6547"}],"wp:attachment":[{"href":"https:\/\/used82.com\/index.php?rest_route=%2Fwp%2Fv2%2Fmedia&parent=6546"}],"wp:term":[{"taxonomy":"category","embeddable":true,"href":"https:\/\/used82.com\/index.php?rest_route=%2Fwp%2Fv2%2Fcategories&post=6546"},{"taxonomy":"post_tag","embeddable":true,"href":"https:\/\/used82.com\/index.php?rest_route=%2Fwp%2Fv2%2Ftags&post=6546"}],"curies":[{"name":"wp","href":"https:\/\/api.w.org\/{rel}","templated":true}]}}