{"id":6549,"date":"2023-12-22T09:31:53","date_gmt":"2023-12-22T09:31:53","guid":{"rendered":"https:\/\/used82.com\/?p=6549"},"modified":"2023-12-22T09:31:53","modified_gmt":"2023-12-22T09:31:53","slug":"detajet-tronditese-nga-masakra-ne-prage-cfare-postonte-i-riu-ne-rrjete-sociale","status":"publish","type":"post","link":"https:\/\/used82.com\/?p=6549","title":{"rendered":"Detajet trondit\u00ebse nga masakra n\u00eb Prag\u00eb\/ \u00c7far\u00eb postonte i riu n\u00eb rrjete sociale"},"content":{"rendered":"<p>Nj\u00eb dit\u00eb m\u00eb par\u00eb, 14 persona u eliminuan dhe 25 u plagos\u00ebn nga t\u00eb sht\u00ebnat n\u00eb nj\u00eb shkoll\u00eb t\u00eb Universitetit t\u00eb Charles n\u00eb Prag\u00eb , kryeqyteti i Republik\u00ebs \u00c7eke.<\/p>\n<div class=\"code-block code-block-1\">\n<p>24-vje\u00e7ari David Kozak, u vet\u00ebvra pas masakr\u00ebs q\u00eb shkaktoi, nd\u00ebrsa pak or\u00eb m\u00eb par\u00eb kishte eliminuar t\u00eb atin n\u00eb fshatin Hostun, rreth 20 kilometra larg Prag\u00ebs.<\/p>\n<p>Madje policia po shqyrton mund\u00ebsin\u00eb q\u00eb ai t\u00eb ket\u00eb eliminuar edhe dy persona t\u00eb tjer\u00eb para masakr\u00ebs n\u00eb Prag\u00eb.<\/p>\n<p>Gjat\u00eb nj\u00eb konference p\u00ebr media, policia njoftoi se po heton n\u00ebse 24-vje\u00e7ari mund t\u00eb jet\u00eb i lidhur me dy eliminime t\u00eb ndodhura jav\u00ebn e kaluar.<\/p>\n<p>Nj\u00eb baba 32-vje\u00e7ar dhe vajza e tij dy muajshe u eliminua p\u00ebr vdekje n\u00eb pyllin Klanovicky pran\u00eb Prag\u00ebs t\u00eb premten e kaluar, tha shefi i policis\u00eb Martin Vodrasek, por ende nuk \u00ebsht\u00eb konfirmuar n\u00ebse Kozak n\u00eb t\u00eb v\u00ebrtet\u00eb kishte ndonj\u00eb lidhje me vrasjet, sipas Protothema.<\/p>\n<p>Sipas policis\u00eb, Kozak ka planifikuar t\u00eb ndjek\u00eb nj\u00eb leksion pasditen e djeshme n\u00eb Fakultetin e Arteve, pak minuta n\u00eb k\u00ebmb\u00eb nga Fakulteti Filozofik.<\/p>\n<p>Por policia q\u00eb po k\u00ebrkonte studentin nuk arriti ta gjente aty.<\/p>\n<p>Ai ishte nisur p\u00ebr n\u00eb Fakultetin Filozofik, ku hapi zjarr pak \u00e7aste m\u00eb von\u00eb.<\/p>\n<p>Videot e publikuara n\u00eb rrjetet sociale tregojn\u00eb 24-vje\u00e7arin David Kozak, duke dal\u00eb n\u00eb ballkon dhe duke hapur zjarr.<\/p>\n<p>David Kozak mund t\u00eb jet\u00eb ndihmuar nga e dashura e tij.<\/p>\n<p>Policia \u00e7eke e konfirmoi k\u00ebt\u00eb p\u00ebr nj\u00eb gazetar t\u00eb \u201cVolkskrant\u201d i cili ishte n\u00eb vendngjarje.<\/p>\n<p>E dashura, p\u00ebr t\u00eb cil\u00ebn nuk jan\u00eb b\u00ebr\u00eb t\u00eb ditura detaje t\u00eb tjera, m\u00ebsohet se po tenton t\u00eb arratiset jasht\u00eb vendit.<\/p>\n<p>Sipas ministrit t\u00eb Brendsh\u00ebm \u00e7ek Vit Rakusan, policia gjeti \u201cnj\u00eb num\u00ebr t\u00eb madh arm\u00ebsh dhe municionesh\u201d n\u00eb nd\u00ebrtes\u00ebn e Universitetit.<\/p>\n<p>\u201cNe mund t\u00eb kishim shum\u00eb viktima t\u00eb tjera n\u00ebse policia nuk do t\u00eb kishte vepruar kaq shpejt\u201d, tha ai.<\/p>\n<p>Bie n\u00eb sy se 24-vje\u00e7ari q\u00eb ka sht\u00ebn\u00eb kishte leje p\u00ebr arm\u00ebn me t\u00eb cil\u00ebn shkaktoi tragjedin\u00eb.<\/p>\n<p>Hetimet do t\u00eb zbuloj\u00eb se si e ka marr\u00eb sakt\u00ebsisht k\u00ebt\u00eb leje.<\/p>\n<p>\u201cNuk ka asgj\u00eb q\u00eb t\u00eb sugjeroj\u00eb se krimi \u00ebsht\u00eb i lidhur me terrorizmin nd\u00ebrkomb\u00ebtar\u201d, u tha Vit Rakusan gazetar\u00ebve.<\/p>\n<p>Sipas d\u00ebshmive, Kozak ka qen\u00eb student i zellsh\u00ebm, por ka pasur edhe probleme psikologjike.<\/p>\n<p>N\u00eb maj ai fitoi nj\u00eb \u00e7mim p\u00ebr tez\u00ebn e tij.<\/p>\n<p>Studenti nuk kishte precedent\u00eb penal\u00eb, por, si pronar i ligjsh\u00ebm i arm\u00ebve, kishte nj\u00eb interes p\u00ebr arm\u00ebt.<\/p>\n<p>Ai ishte diplomuar p\u00ebr histori dhe studime evropiane dhe vazhdoi me master, duke u fokusuar n\u00eb historin\u00eb e Polonis\u00eb.<\/p>\n<p>Megjithat\u00eb, mesazhet e postuara nga i riu n\u00eb Telegram jav\u00ebt e fundit japin nj\u00eb pamje krejt\u00ebsisht t\u00eb ndryshme t\u00eb tij.<\/p>\n<p>Studenti 24-vje\u00e7ar i Shkoll\u00ebs Filozofike t\u00eb Universitetit Charles ishte ankuar p\u00ebr \u201cjet\u00ebn e tij t\u00eb mjerueshme\u201d dhe kishte shkruar nd\u00ebr t\u00eb tjera se \u201cgjithmon\u00eb donte t\u00eb eliminonte dik\u00eb\u201d.<\/p>\n<p>N\u00eb nj\u00eb mesazh t\u00eb dat\u00ebs 10 dhjetor, sulmuesi shkroi se ishte \u201cshum\u00eb i frym\u00ebzuar nga Alina\u201d.<\/p>\n<p>Ai i referohej 14-vje\u00e7ares Alina Afanaskina.<\/p>\n<p>Vajza q\u00eblloi dhe eliminoi dy persona n\u00eb shkoll\u00ebn e saj n\u00eb qytetin rus t\u00eb Bryansk m\u00eb 7 dhjetor dhe m\u00eb pas vrau edhe veten. \u201cPor Alina nuk vrau mjaftuesh\u00ebm njer\u00ebz, do ta rregulloj\u201d, kishte shkruar Kozak.<\/p>\n<p>\u201cDua t\u00eb sulmoj nj\u00eb shkoll\u00eb dhe ndoshta t\u00eb vras \u200b\u200bveten. Alina Afanaskina m\u00eb ndihmoi. Gjithmon\u00eb kam dashur t\u00eb vras, kam menduar se n\u00eb t\u00eb ardhmen do t\u00eb b\u00ebhem maniak. Ishte m\u00eb fitimprur\u00ebse sulmi masiv sesa brezi. U ula, prita, pata \u00ebnd\u00ebrr\u201d, dyshohet se ka shkruar ai nd\u00ebr t\u00eb tjera.<\/p>\n<p>Kozak do t\u00eb udh\u00ebtonte 13 milje nga sht\u00ebpia e tij n\u00eb Prag\u00eb, p\u00ebr leksione n\u00eb Shkoll\u00ebn e Artit t\u00eb Universitetit Charles.<\/p>\n<p>Ai duket se ka jetuar n\u00eb fshatin Bohemian qendror t\u00eb Hostun me t\u00eb atin n\u00eb nj\u00eb sht\u00ebpi t\u00eb madhe familjare.<\/p>\n<p>\u201cParoksizmi\u201d i tij vras\u00ebs nisi me viktim\u00ebn e babait t\u00eb tij, i cili u gjet i vdekur.<\/p>\n<p>\u201cAi ishte nj\u00eb djal\u00eb introvert, mjaft i \u00e7uditsh\u00ebm si \u00e7do budalla tjet\u00ebr\u201d, tha nj\u00eb banor p\u00ebr mediat lokale.<\/p>\n<p>\u201cFamilja dukej normale. Ne shkuam n\u00eb vil\u00ebn e tyre vite m\u00eb par\u00eb. Babai i tij ishte shefi im dhe ata ishin miq jasht\u00eb pun\u00ebs, p\u00ebrfshir\u00eb gruan e tij\u201d.<\/p>\n<p>\u00cbsht\u00eb ende e paqart\u00eb se \u00e7far\u00eb ka ndodhur sakt\u00ebsisht m\u00ebngjesin e 21 dhjetorit.<\/p>\n<p>Ajo q\u00eb v\u00ebrtetohet \u00ebsht\u00eb se Kozak vrau baban\u00eb e tij p\u00ebrpara se t\u00eb shkonte n\u00eb Prag\u00eb.<\/p>\n<p>Policia \u00e7eke m\u00ebsoi se ai po shkonte drejt kryeqytetit dhe planifikonte t\u00eb vriste veten.<\/p>\n<\/div>\n","protected":false},"excerpt":{"rendered":"<p>Nj\u00eb dit\u00eb m\u00eb par\u00eb, 14 persona u eliminuan dhe 25 u plagos\u00ebn nga t\u00eb sht\u00ebnat&#8230;<\/p>\n","protected":false},"author":1,"featured_media":6550,"comment_status":"open","ping_status":"open","sticky":false,"template":"","format":"standard","meta":{"om_disable_all_campaigns":false,"_monsterinsights_skip_tracking":false,"_monsterinsights_sitenote_active":false,"_monsterinsights_sitenote_note":"","_monsterinsights_sitenote_category":0,"_uf_show_specific_survey":0,"_uf_disable_surveys":false,"footnotes":""},"categories":[1],"tags":[],"class_list":["post-6549","post","type-post","status-publish","format-standard","has-post-thumbnail","hentry","category-uncategorized"],"aioseo_notices":[],"views":21,"_links":{"self":[{"href":"https:\/\/used82.com\/index.php?rest_route=\/wp\/v2\/posts\/6549","targetHints":{"allow":["GET"]}}],"collection":[{"href":"https:\/\/used82.com\/index.php?rest_route=\/wp\/v2\/posts"}],"about":[{"href":"https:\/\/used82.com\/index.php?rest_route=\/wp\/v2\/types\/post"}],"author":[{"embeddable":true,"href":"https:\/\/used82.com\/index.php?rest_route=\/wp\/v2\/users\/1"}],"replies":[{"embeddable":true,"href":"https:\/\/used82.com\/index.php?rest_route=%2Fwp%2Fv2%2Fcomments&post=6549"}],"version-history":[{"count":0,"href":"https:\/\/used82.com\/index.php?rest_route=\/wp\/v2\/posts\/6549\/revisions"}],"wp:featuredmedia":[{"embeddable":true,"href":"https:\/\/used82.com\/index.php?rest_route=\/wp\/v2\/media\/6550"}],"wp:attachment":[{"href":"https:\/\/used82.com\/index.php?rest_route=%2Fwp%2Fv2%2Fmedia&parent=6549"}],"wp:term":[{"taxonomy":"category","embeddable":true,"href":"https:\/\/used82.com\/index.php?rest_route=%2Fwp%2Fv2%2Fcategories&post=6549"},{"taxonomy":"post_tag","embeddable":true,"href":"https:\/\/used82.com\/index.php?rest_route=%2Fwp%2Fv2%2Ftags&post=6549"}],"curies":[{"name":"wp","href":"https:\/\/api.w.org\/{rel}","templated":true}]}}