{"id":6554,"date":"2023-12-22T09:40:41","date_gmt":"2023-12-22T09:40:41","guid":{"rendered":"https:\/\/used82.com\/?p=6554"},"modified":"2023-12-22T09:40:41","modified_gmt":"2023-12-22T09:40:41","slug":"ngritet-aktakuze-ndaj-arkatares-se-spitalit-te-prizrenit-pervetesoi-mijera-euro","status":"publish","type":"post","link":"https:\/\/used82.com\/?p=6554","title":{"rendered":"Ngritet aktakuz\u00eb ndaj arkatares s\u00eb Spitalit t\u00eb Prizrenit, p\u00ebrvet\u00ebsoi mij\u00ebra euro"},"content":{"rendered":"<p><strong>Prokuroria Themelore n\u00eb Prizren ka njoftuar se ka ngritur aktakuz\u00eb kund\u00ebr t\u00eb pandehur\u00ebs F.G., nga Prizreni, p\u00ebr shkak t\u00eb dyshimit t\u00eb bazuar mir\u00eb se ka kryer vepr\u00ebn penale \u201cP\u00ebrvet\u00ebsimi n\u00eb detyr\u00eb\u201d.<\/strong><\/p>\n<p>Prokuroria pretendon se e pandehura si person zyrtar me q\u00ebllim t\u00eb p\u00ebrfitimit t\u00eb kund\u00ebrligjsh\u00ebm t\u00eb dobis\u00eb pasurore p\u00ebr vete, p\u00ebrvet\u00ebson pasurin\u00eb e cila i \u00ebsht\u00eb besuar p\u00ebr shkak t\u00eb detyr\u00ebs apo pozit\u00ebs s\u00eb saj.<\/p>\n<p>\u201c<em>N\u00eb at\u00eb m\u00ebnyr\u00eb q\u00eb n\u00eb cil\u00ebsin\u00eb e Zyrtares financiare dhe t\u00eb ark\u00ebtares, n\u00eb Spitalin e P\u00ebrgjithsh\u00ebm \u201cPrim.Dr Daut Mustafa\u201d, n\u00eb Prizren, prej periudh\u00ebs kohore 28.06.2022 e deri me dat\u00eb 12.08.2022 prej reparteve t\u00eb Oftalmologjis\u00eb, Dializ\u00ebs dhe Emergjenc\u00ebs, n\u00eb ark\u00eb ka inkasuar para n\u00eb vler\u00eb prej 36,143.38 euro euro nd\u00ebrsa n\u00eb xhirollogarin\u00eb e Spitalit ka deponuar vet\u00ebm 31,385.00 Euro dhe k\u00ebsisoj ka p\u00ebrvet\u00ebsuar shum\u00ebn prej 4,758.38 euro dhe p\u00ebr shum\u00ebn e nj\u00ebjt\u00eb i ka shkaktuar d\u00ebm financiar Spitalit t\u00eb P\u00ebrgjithsh\u00ebm \u201cPrim. Dr. Daut Mustafa\u201d, n\u00eb Prizren<\/em>\u201c, thuhet n\u00eb njoftim.<\/p>\n<p>B\u00ebhet me dije se prokurori i \u00e7\u00ebshtjes me rastin e ngritjes s\u00eb aktakuz\u00ebs, i ka propozuar Gjykat\u00ebs q\u00eb pas mbajtjes s\u00eb shqyrtimit gjyq\u00ebsor, administrimit t\u00eb provave dhe vler\u00ebsimit t\u00eb tyre, e pandehura e lart\u00ebcekur p\u00ebr vepr\u00ebn penale p\u00ebr t\u00eb cil\u00ebn akuzohet t\u00eb shpallet fajtore dhe t\u00eb d\u00ebnohet sipas ligjit.<\/p>\n","protected":false},"excerpt":{"rendered":"<p>Prokuroria Themelore n\u00eb Prizren ka njoftuar se ka ngritur aktakuz\u00eb kund\u00ebr t\u00eb pandehur\u00ebs F.G., nga&#8230;<\/p>\n","protected":false},"author":1,"featured_media":0,"comment_status":"open","ping_status":"open","sticky":false,"template":"","format":"standard","meta":{"om_disable_all_campaigns":false,"_monsterinsights_skip_tracking":false,"_monsterinsights_sitenote_active":false,"_monsterinsights_sitenote_note":"","_monsterinsights_sitenote_category":0,"_uf_show_specific_survey":0,"_uf_disable_surveys":false,"footnotes":""},"categories":[1],"tags":[],"class_list":["post-6554","post","type-post","status-publish","format-standard","hentry","category-uncategorized"],"aioseo_notices":[],"views":25,"_links":{"self":[{"href":"https:\/\/used82.com\/index.php?rest_route=\/wp\/v2\/posts\/6554","targetHints":{"allow":["GET"]}}],"collection":[{"href":"https:\/\/used82.com\/index.php?rest_route=\/wp\/v2\/posts"}],"about":[{"href":"https:\/\/used82.com\/index.php?rest_route=\/wp\/v2\/types\/post"}],"author":[{"embeddable":true,"href":"https:\/\/used82.com\/index.php?rest_route=\/wp\/v2\/users\/1"}],"replies":[{"embeddable":true,"href":"https:\/\/used82.com\/index.php?rest_route=%2Fwp%2Fv2%2Fcomments&post=6554"}],"version-history":[{"count":0,"href":"https:\/\/used82.com\/index.php?rest_route=\/wp\/v2\/posts\/6554\/revisions"}],"wp:attachment":[{"href":"https:\/\/used82.com\/index.php?rest_route=%2Fwp%2Fv2%2Fmedia&parent=6554"}],"wp:term":[{"taxonomy":"category","embeddable":true,"href":"https:\/\/used82.com\/index.php?rest_route=%2Fwp%2Fv2%2Fcategories&post=6554"},{"taxonomy":"post_tag","embeddable":true,"href":"https:\/\/used82.com\/index.php?rest_route=%2Fwp%2Fv2%2Ftags&post=6554"}],"curies":[{"name":"wp","href":"https:\/\/api.w.org\/{rel}","templated":true}]}}