{"id":6556,"date":"2023-12-22T09:43:04","date_gmt":"2023-12-22T09:43:04","guid":{"rendered":"https:\/\/used82.com\/?p=6556"},"modified":"2023-12-22T09:43:04","modified_gmt":"2023-12-22T09:43:04","slug":"e-urrej-boten-dua-te-le-sa-me-shume-dhimbje-cfare-shkruante-24-vjecari-para-se-te-kryente-masakren-ne-universitetin-e-prages","status":"publish","type":"post","link":"https:\/\/used82.com\/?p=6556","title":{"rendered":"\u201cE urrej bot\u00ebn, dua t\u00eb l\u00eb sa m\u00eb shum\u00eb dhimbje\u201d, \u00e7far\u00eb shkruante 24 vje\u00e7ari para se t\u00eb kryente masakr\u00ebn n\u00eb universitetin e Prag\u00ebs"},"content":{"rendered":"<p>Studenti 24 vje\u00e7ar q\u00eb vrau 14 persona dhe plagosi 25 t\u00eb tjer\u00eb t\u00eb enjten n\u00eb universitetin e Prag\u00ebs kishte paralajm\u00ebruar ngjarjen p\u00ebrmes rrjeteve sociale. David Kozak, i cili m\u00eb pas kreu vet\u00ebvrasje pas sulmit t\u00eb p\u00ebrgjaksh\u00ebm q\u00eb tronditi vendin, shkruante se donte t\u00eb kryente nj\u00eb sulm n\u00eb shkoll\u00eb<\/p>\n<p>I riu shkruante se kishte dashur gjithmon\u00eb q\u00eb t\u00eb vriste dhe se \u201ce kishte kuptuar q\u00eb ishte m\u00eb e p\u00ebrshtatshme t\u00eb kryente nj\u00eb masak\u00ebr masive sesa t\u00eb ishte nj\u00eb vras\u00ebs serial\u201d. \u201c<em>M\u00eb lejoni t\u00eb prezantohem, un\u00eb quhem David dhe dua t\u00eb b\u00ebj nj\u00eb sulm n\u00eb shkoll\u00eb dhe ndoshta t\u00eb b\u00ebj vet\u00ebvrasj<\/em>e\u201d, shkruante ai n\u00eb Telegram.<\/p>\n<p><em>\u201cAlina Afanaskina m\u00eb ndihmoi shum\u00eb\u201d<\/em>, shkruante m\u00eb tej duke th\u00ebn\u00eb se ishte frym\u00ebzuar nga 14 vje\u00e7arja ruse e cila m\u00eb 7 dhjetor vrau dy shok\u00eb t\u00eb klas\u00ebs n\u00eb Bryansk, plagosi 5 dhe kreu vet\u00ebvrasje.\u00a0\u201c<em>Gjithmon\u00eb kam dashur t\u00eb vras, kam menduar se n\u00eb t\u00eb ardhmen do t\u00eb b\u00ebhem maniak.<\/em>\u201c, shkruante 24 vje\u00e7ari.<\/p>\n<p><em>\u201cPrita, \u00ebnd\u00ebrrova, desha, por m\u00eb n\u00eb fund mb\u00ebrriti Alina, sikur m\u00eb kishte ardhur n\u00eb ndihm\u00eb nga parajsa n\u00eb koh\u00ebn e duhur\u201d<\/em>. M\u00eb 17 dhjetor ai shkroi: \u201c<em>E urrej bot\u00ebn dhe dua t\u00eb l\u00eb sa m\u00eb shum\u00eb dhimbje\u201d<\/em>. M\u00eb 19 dhjetor, postimi i fundit ishte: \u201c<em>Kam nj\u00eb zhurm\u00eb n\u00eb vesh\u00ebt e mi\u2026 si nj\u00eb lloj zjarri zjarri. Doja t\u2019i shqyja vesh\u00ebt\u201d<\/em>.<\/p>\n<figure class=\"wp-block-image\"><img decoding=\"async\" src=\"https:\/\/ipravda.sk\/res\/2023\/12\/21\/thumbs\/strelec-z-prahy-telegram-screenshot-nestandard1.jpg\" alt=\"\" \/><\/figure>\n","protected":false},"excerpt":{"rendered":"<p>Studenti 24 vje\u00e7ar q\u00eb vrau 14 persona dhe plagosi 25 t\u00eb tjer\u00eb t\u00eb enjten n\u00eb&#8230;<\/p>\n","protected":false},"author":1,"featured_media":6557,"comment_status":"open","ping_status":"open","sticky":false,"template":"","format":"standard","meta":{"om_disable_all_campaigns":false,"_monsterinsights_skip_tracking":false,"_monsterinsights_sitenote_active":false,"_monsterinsights_sitenote_note":"","_monsterinsights_sitenote_category":0,"_uf_show_specific_survey":0,"_uf_disable_surveys":false,"footnotes":""},"categories":[1],"tags":[],"class_list":["post-6556","post","type-post","status-publish","format-standard","has-post-thumbnail","hentry","category-uncategorized"],"aioseo_notices":[],"views":35,"_links":{"self":[{"href":"https:\/\/used82.com\/index.php?rest_route=\/wp\/v2\/posts\/6556","targetHints":{"allow":["GET"]}}],"collection":[{"href":"https:\/\/used82.com\/index.php?rest_route=\/wp\/v2\/posts"}],"about":[{"href":"https:\/\/used82.com\/index.php?rest_route=\/wp\/v2\/types\/post"}],"author":[{"embeddable":true,"href":"https:\/\/used82.com\/index.php?rest_route=\/wp\/v2\/users\/1"}],"replies":[{"embeddable":true,"href":"https:\/\/used82.com\/index.php?rest_route=%2Fwp%2Fv2%2Fcomments&post=6556"}],"version-history":[{"count":0,"href":"https:\/\/used82.com\/index.php?rest_route=\/wp\/v2\/posts\/6556\/revisions"}],"wp:featuredmedia":[{"embeddable":true,"href":"https:\/\/used82.com\/index.php?rest_route=\/wp\/v2\/media\/6557"}],"wp:attachment":[{"href":"https:\/\/used82.com\/index.php?rest_route=%2Fwp%2Fv2%2Fmedia&parent=6556"}],"wp:term":[{"taxonomy":"category","embeddable":true,"href":"https:\/\/used82.com\/index.php?rest_route=%2Fwp%2Fv2%2Fcategories&post=6556"},{"taxonomy":"post_tag","embeddable":true,"href":"https:\/\/used82.com\/index.php?rest_route=%2Fwp%2Fv2%2Ftags&post=6556"}],"curies":[{"name":"wp","href":"https:\/\/api.w.org\/{rel}","templated":true}]}}