{"id":6559,"date":"2023-12-22T19:13:50","date_gmt":"2023-12-22T19:13:50","guid":{"rendered":"https:\/\/used82.com\/?p=6559"},"modified":"2023-12-22T19:13:50","modified_gmt":"2023-12-22T19:13:50","slug":"petkoviq-i-reagon-kurtit-pasi-tha-se-vuciq-i-vodhi-zgjedhjet-ne-serbi","status":"publish","type":"post","link":"https:\/\/used82.com\/?p=6559","title":{"rendered":"Petkoviq i reagon Kurtit pasi tha se Vu\u00e7iq i vodhi zgjedhjet n\u00eb Serbi"},"content":{"rendered":"<p><strong>Drejtori i t\u00eb ashtuquajtur\u00ebs zyra p\u00ebr Kosov\u00ebn n\u00eb Qeverin\u00eb e Serbis\u00eb, Petar Petkoviq, ka reaguar pasi kryeministri i Kosov\u00ebs, Albin Kurti, ka folur p\u00ebr parregullsit\u00eb n\u00eb zgjedhjet e Serbis\u00eb, gj\u00eb t\u00eb cil\u00ebn e kan\u00eb evidentuar edhe organizatat kredibile nd\u00ebrkomb\u00ebtare.<\/strong><\/p>\n<p>Petkoviq ka th\u00ebn\u00eb se Kurti sot iu \u00ebsht\u00eb bashkuar partive opozitare serbe \u201cn\u00eb sulmin ndaj presidentit t\u00eb Serbis\u00eb\u201d.<\/p>\n<p><em>\u201cKurti, duke akuzuar Aleksand\u00ebr Vu\u00e7iqin dhe Beogradin p\u00ebr parregullsi joekzistente n\u00eb zgjedhje, ka q\u00ebndruar krah p\u00ebr krah me at\u00eb pjes\u00eb t\u00eb opozit\u00ebs serbe e cila prej dit\u00ebsh sulmon presidentin e Serbis\u00eb pa asnj\u00eb baz\u00eb dhe pa asnj\u00eb prov\u00eb, duke p\u00ebrdorur nj\u00eb narrativ\u00eb identike edhe n\u00eb Beograd edhe n\u00eb Prishtin\u00eb\u201d,\u00a0<\/em>ka th\u00ebn\u00eb Petkoviq.<\/p>\n<p>Kryeministri Kurti sot i ka k\u00ebrkuar BE-s\u00eb t\u00eb merret me Serbin\u00eb dhe Vu\u00e7iqin q\u00eb i ka vjedhur zgjedhjet n\u00eb Serbi dhe t\u00eb mos i b\u00ebj\u00eb presion Kosov\u00ebs.<\/p>\n<p><em>\u201cBesoj q\u00eb Brukseli dhe emisari evropian Laj\u00e7ak do t\u00eb merren shum\u00eb m\u00eb tep\u00ebr me Presidentin e Serbis\u00eb Vu\u00e7iq q\u00eb i vodhi zgjedhjet n\u00eb Serbi me ndihm\u00ebn e Dodikut, Mandiqit e Radoi\u00e7iqit (sidomos n\u00eb Beograd) dhe q\u00eb u t\u00ebrhoq nga Marr\u00ebveshja Bazike e 27 shkurtit 2023 (p\u00ebrmes letr\u00ebs s\u00eb Kryeministres Ana B\u00ebrnabiq), n\u00eb vend se t\u00eb na b\u00ebjn\u00eb presion publik me opsione q\u00eb e shnd\u00ebrrojn\u00eb Kosov\u00ebn demokratike e pro-evropiane n\u00eb tem\u00eb problematike<\/em>\u201d, ka shkruar Kurti.<\/p>\n","protected":false},"excerpt":{"rendered":"<p>Drejtori i t\u00eb ashtuquajtur\u00ebs zyra p\u00ebr Kosov\u00ebn n\u00eb Qeverin\u00eb e Serbis\u00eb, Petar Petkoviq, ka reaguar&#8230;<\/p>\n","protected":false},"author":1,"featured_media":0,"comment_status":"open","ping_status":"open","sticky":false,"template":"","format":"standard","meta":{"om_disable_all_campaigns":false,"_monsterinsights_skip_tracking":false,"_monsterinsights_sitenote_active":false,"_monsterinsights_sitenote_note":"","_monsterinsights_sitenote_category":0,"_uf_show_specific_survey":0,"_uf_disable_surveys":false,"footnotes":""},"categories":[1],"tags":[],"class_list":["post-6559","post","type-post","status-publish","format-standard","hentry","category-uncategorized"],"aioseo_notices":[],"views":28,"_links":{"self":[{"href":"https:\/\/used82.com\/index.php?rest_route=\/wp\/v2\/posts\/6559","targetHints":{"allow":["GET"]}}],"collection":[{"href":"https:\/\/used82.com\/index.php?rest_route=\/wp\/v2\/posts"}],"about":[{"href":"https:\/\/used82.com\/index.php?rest_route=\/wp\/v2\/types\/post"}],"author":[{"embeddable":true,"href":"https:\/\/used82.com\/index.php?rest_route=\/wp\/v2\/users\/1"}],"replies":[{"embeddable":true,"href":"https:\/\/used82.com\/index.php?rest_route=%2Fwp%2Fv2%2Fcomments&post=6559"}],"version-history":[{"count":0,"href":"https:\/\/used82.com\/index.php?rest_route=\/wp\/v2\/posts\/6559\/revisions"}],"wp:attachment":[{"href":"https:\/\/used82.com\/index.php?rest_route=%2Fwp%2Fv2%2Fmedia&parent=6559"}],"wp:term":[{"taxonomy":"category","embeddable":true,"href":"https:\/\/used82.com\/index.php?rest_route=%2Fwp%2Fv2%2Fcategories&post=6559"},{"taxonomy":"post_tag","embeddable":true,"href":"https:\/\/used82.com\/index.php?rest_route=%2Fwp%2Fv2%2Ftags&post=6559"}],"curies":[{"name":"wp","href":"https:\/\/api.w.org\/{rel}","templated":true}]}}