{"id":6563,"date":"2023-12-22T19:18:01","date_gmt":"2023-12-22T19:18:01","guid":{"rendered":"https:\/\/used82.com\/?p=6563"},"modified":"2023-12-22T19:18:01","modified_gmt":"2023-12-22T19:18:01","slug":"dikush-u-perpoq-te-hapte-deren-dhunshem-nje-student-pershkruan-tmerrin-e-te-shtenave-ne-nje-universitet-ne-prage-te-cekise-ku-mbeten-14-te-vdekur","status":"publish","type":"post","link":"https:\/\/used82.com\/?p=6563","title":{"rendered":"\u201cDikush u p\u00ebrpoq t\u00eb hapte der\u00ebn dhunsh\u00ebm\u201d: Nj\u00eb student p\u00ebrshkruan tmerrin e t\u00eb sht\u00ebnave n\u00eb nj\u00eb universitet n\u00eb Prag\u00eb t\u00eb \u00c7ekis\u00eb, ku mbet\u00ebn 14 t\u00eb vdekur"},"content":{"rendered":"<p>Studenti i sapodiplomuar Jakob Weizman, 25 vje\u00e7, i tha CNN se ishte n\u00eb nj\u00eb klas\u00eb me profesorin e tij kur ata d\u00ebgjuan at\u00eb q\u00eb dukej si t\u00eb sht\u00ebna arm\u00ebsh dhe britma \u2013 dhe m\u00eb pas tingujt u b\u00ebn\u00eb m\u00eb t\u00eb fort\u00eb.<\/p>\n<p>\u201cProfesori im u p\u00ebrpoq t\u00eb mbyllte der\u00ebn, por nuk funksionoi\u201d, ka th\u00ebn\u00eb fillimisht Weizman, duke p\u00ebrshkruar ngjarjen n\u00eb Prag\u00eb p\u00ebr t\u00eb cil\u00ebn policia \u00e7eke konfirmuan se 14 persona u q\u00eblluan p\u00ebr vdekje, 25 u plagos\u00ebn, me 10 t\u00eb plagosur r\u00ebnd\u00eb, p\u00ebrcjell Telegrafi.<\/p>\n<p>Dhe p\u00ebr fat, Weizman arriti t\u00eb mbyllte der\u00ebn m\u00eb n\u00eb fund, tha ai.<\/p>\n<p>Pak m\u00eb von\u00eb, ata filluan t\u00eb shtyjn\u00eb mobiljet e klas\u00ebs deri te dera p\u00ebr t\u00eb krijuar nj\u00eb barrikad\u00eb.<\/p>\n<p>\u201cRreth pes\u00eb minuta pas k\u00ebsaj, dikush u p\u00ebrpoq t\u00eb hapte der\u00ebn shum\u00eb dhunsh\u00ebm\u201d, ka treguar Weizman. Ai beson se mund t\u00eb ket\u00eb qen\u00eb ai q\u00eb ka q\u00eblluar, por nuk e di me siguri.<\/p>\n<p>\u201cPasi b\u00ebra barrikad\u00ebn dhe mbylla der\u00ebn, u fsheha n\u00ebn tavolin\u00eb dhe po p\u00ebrgatitesha p\u00ebr \u00e7do gj\u00eb q\u00eb mund t\u00eb ndodhte\u201d, shtoi Weizman. \u201cNuk e dija n\u00ebse do t\u00eb hynte nga dera apo nga dritarja\u201d.<\/p>\n<p>Weizman, i cili i tha CNN se jetoi n\u00eb Shtetet e Bashkuara p\u00ebr 15 vjet, nuk e kishte menduar kurr\u00eb se do t\u00eb p\u00ebrjetonte nj\u00eb ngjarje masive t\u00eb t\u00eb sht\u00ebnave n\u00eb Evrop\u00eb.<\/p>\n<p>Studenti tha se policia m\u00eb n\u00eb fund mb\u00ebrriti, k\u00ebshtu q\u00eb ai theu barrikad\u00ebn p\u00ebr t\u2019i l\u00ebn\u00eb ata t\u00eb hynin.<\/p>\n<p>Weizman tregoi se ai mund t\u00eb shihte gjak n\u00eb \u00e7do kat nd\u00ebrsa policia e shoq\u00ebronte p\u00ebr t\u00eb dal\u00eb i sigurt.<\/p>\n","protected":false},"excerpt":{"rendered":"<p>Studenti i sapodiplomuar Jakob Weizman, 25 vje\u00e7, i tha CNN se ishte n\u00eb nj\u00eb klas\u00eb&#8230;<\/p>\n","protected":false},"author":1,"featured_media":0,"comment_status":"open","ping_status":"open","sticky":false,"template":"","format":"standard","meta":{"om_disable_all_campaigns":false,"_monsterinsights_skip_tracking":false,"_monsterinsights_sitenote_active":false,"_monsterinsights_sitenote_note":"","_monsterinsights_sitenote_category":0,"_uf_show_specific_survey":0,"_uf_disable_surveys":false,"footnotes":""},"categories":[1],"tags":[],"class_list":["post-6563","post","type-post","status-publish","format-standard","hentry","category-uncategorized"],"aioseo_notices":[],"views":39,"_links":{"self":[{"href":"https:\/\/used82.com\/index.php?rest_route=\/wp\/v2\/posts\/6563","targetHints":{"allow":["GET"]}}],"collection":[{"href":"https:\/\/used82.com\/index.php?rest_route=\/wp\/v2\/posts"}],"about":[{"href":"https:\/\/used82.com\/index.php?rest_route=\/wp\/v2\/types\/post"}],"author":[{"embeddable":true,"href":"https:\/\/used82.com\/index.php?rest_route=\/wp\/v2\/users\/1"}],"replies":[{"embeddable":true,"href":"https:\/\/used82.com\/index.php?rest_route=%2Fwp%2Fv2%2Fcomments&post=6563"}],"version-history":[{"count":0,"href":"https:\/\/used82.com\/index.php?rest_route=\/wp\/v2\/posts\/6563\/revisions"}],"wp:attachment":[{"href":"https:\/\/used82.com\/index.php?rest_route=%2Fwp%2Fv2%2Fmedia&parent=6563"}],"wp:term":[{"taxonomy":"category","embeddable":true,"href":"https:\/\/used82.com\/index.php?rest_route=%2Fwp%2Fv2%2Fcategories&post=6563"},{"taxonomy":"post_tag","embeddable":true,"href":"https:\/\/used82.com\/index.php?rest_route=%2Fwp%2Fv2%2Ftags&post=6563"}],"curies":[{"name":"wp","href":"https:\/\/api.w.org\/{rel}","templated":true}]}}