{"id":6570,"date":"2023-12-22T20:26:57","date_gmt":"2023-12-22T20:26:57","guid":{"rendered":"https:\/\/used82.com\/?p=6570"},"modified":"2023-12-22T20:26:57","modified_gmt":"2023-12-22T20:26:57","slug":"policia-me-detaje-te-reja-te-masakres-ne-prage-publikohen-pamje-te-reja-te-aksionit-brenda-universitetit","status":"publish","type":"post","link":"https:\/\/used82.com\/?p=6570","title":{"rendered":"Policia me detaje t\u00eb reja t\u00eb masakr\u00ebs n\u00eb Prag\u00eb \u2013 publikohen pamje t\u00eb reja t\u00eb aksionit brenda universitetit"},"content":{"rendered":"<p><strong>Policia publikoi nj\u00eb video t\u00eb re t\u00eb sulmit nga Fakulteti Filozofik i Universitetit t\u00eb Charles n\u00eb Prag\u00eb, ku sulmuesi vrau 14 persona dhe plagosi 25 t\u00eb tjer\u00eb, publikoi edhe shum\u00eb detaje t\u00eb reja.<\/strong><\/p>\n<p>P\u00ebr sa i p\u00ebrket numrit t\u00eb viktimave, ky \u00ebsht\u00eb rasti m\u00eb tragjik i t\u00eb sht\u00ebnave masive n\u00eb historin\u00eb e Republik\u00ebs \u00c7eke.<\/p>\n<p>Sulmuesi ka kryer vet\u00ebvrasje pas sulmit, ka konfirmuar policia.<\/p>\n<p>\u201cN\u00eb t\u00eb sht\u00ebnat n\u00eb Fakultetin Filozofik u vran\u00eb 14 student\u00eb dhe persona t\u00eb tjer\u00eb, si dhe u vra edhe autori. Gjithsej 15 t\u00eb vdekur\u201d, tha drejtori i policis\u00eb s\u00eb Prag\u00ebs Matejcek.<\/p>\n<p>Ministri \u00e7ek i Brendsh\u00ebm, Vit Rakusan m\u00eb her\u00ebt deklaroi se numri i p\u00ebrgjithsh\u00ebm i viktimave ishte 13 dhe se i kat\u00ebrmb\u00ebdhjet\u00eb i vdekuri ishte sulmuesi.<\/p>\n<p>Sulmuesi nga korridori i Fakultetit Filozofik ka plagosur edhe tre persona n\u00eb rrug\u00eb, tha ai. Kur policia iu afrua dhe e rrethoi, ai kreu vet\u00ebvrasje. Sulmuesi nga universiteti goditi nj\u00eb automjet civil dhe nj\u00eb polici. N\u00eb aksionin kund\u00ebr tij kan\u00eb marr\u00eb pjes\u00eb qindra punonj\u00ebs policie, asnj\u00eb prej tyre nuk \u00ebsht\u00eb l\u00ebnduar.<\/p>\n<p>Drejtori i policis\u00eb s\u00eb Prag\u00ebs tha se nj\u00ebsitet policore ishin aktive jasht\u00eb godin\u00ebs, por edhe brenda saj. Ai shtoi se ata nuk ishin t\u00eb sigurt n\u00ebse sulmuesi kishte ndihm\u00ebs, prandaj student\u00ebt e evakuuar duhej t\u00eb largoheshin me duart lart. Ai p\u00ebrs\u00ebriti se t\u00eb gjitha viktimat jan\u00eb identifikuar dhe tha se t\u00eb gjitha familjet e tyre jan\u00eb informuar.<\/p>\n<p>Policia thot\u00eb se student\u00ebt jan\u00eb barrikaduar n\u00eb ambientet e godin\u00ebs s\u00eb universitetit dhe se policia ka shkuar kat m\u00eb kat p\u00ebr t\u2019i nxjerr\u00eb jasht\u00eb. N\u00eb disa raste, oficer\u00ebve iu desh t\u00eb p\u00ebrdornin forc\u00ebn p\u00ebr t\u00eb hyr\u00eb dhe p\u00ebr t\u00eb nxjerr\u00eb student\u00ebt jasht\u00eb, than\u00eb ata.<\/p>\n<div class=\"des-adv jashtshteti\"><\/div>\n<figure class=\"wp-block-embed is-type-video is-provider-youtube wp-block-embed-youtube wp-embed-aspect-16-9 wp-has-aspect-ratio\">\n<div class=\"wp-block-embed__wrapper\"><iframe loading=\"lazy\" title=\"Prague shooting: police video shows officers storming University\" src=\"https:\/\/www.youtube.com\/embed\/KShg-1pc_VU?start=7&amp;feature=oembed\" width=\"640\" height=\"360\" frameborder=\"0\" allowfullscreen=\"allowfullscreen\" data-mce-fragment=\"1\"><\/iframe><\/div>\n<\/figure>\n<p>Policia ka publikuar edhe nj\u00eb video t\u00eb nd\u00ebrhyrjes nga kamera e nj\u00eb oficeri special, raporton\u00a0<a href=\"https:\/\/www.bbc.com\/news\/live\/world-europe-67800491\"><strong>bbc<\/strong><\/a>.<\/p>\n<p>\u201cNe krijuam nj\u00eb korridor t\u00eb sigurt dhe p\u00ebrmes atij korridori t\u00eb sigurt u tha t\u00eb gjith\u00ebve t\u00eb dilnin jasht\u00eb\u201d, u tha gazetar\u00ebve nj\u00eb zyrtar i policis\u00eb.<\/p>\n<p>Shefi i policis\u00eb s\u00eb Prag\u00ebs beson se \u2018uniformat e kaltra\u2019 parandaluan gjakderdhjen e m\u00ebtejshme me arritjen e shpejt\u00eb n\u00eb vendngjarje. \u201cPash\u00eb grumbuj municionesh n\u00ebp\u00ebr korridore, ishte e pabesueshme\u201d, kujton ai.<\/p>\n<p>Nd\u00ebrkoh\u00eb, kryehetuesi konfirmon se policia po shqyrton mund\u00ebsin\u00eb q\u00eb personi i armatosur t\u00eb jet\u00eb i lidhur me vrasjen e dy personave n\u00eb nj\u00eb pyll af\u00ebr Prag\u00ebs.<\/p>\n<p>Kreu i sh\u00ebrbimeve t\u00eb urgjenc\u00ebs s\u00eb Prag\u00ebs tha se provat e mbledhura deri tani nga terreni tregojn\u00eb se vras\u00ebsi masiv nga universiteti \u00ebsht\u00eb autori i vrasjeve n\u00eb pyllin Klanovicky. Kujtojm\u00eb se aty u vran\u00eb nj\u00eb baba dhe nj\u00eb foshnje.<\/p>\n<p>\u201cPor, ne po presim provat balistike q\u00eb do ta v\u00ebrtetojn\u00eb. Deri at\u00ebher\u00eb do t\u00eb vazhdojm\u00eb t\u00eb hetojm\u00eb krimin. Deri m\u00eb tani nuk mund ta konfirmojm\u00eb me siguri 100 p\u00ebr qind\u201d, tha ai.<\/p>\n<p>K\u00ebrkimi i policis\u00eb p\u00ebr sulmuesin u iniciua nga nj\u00eb d\u00ebshmitare, e cila raportoi se nj\u00eb mik i kishte d\u00ebrguar asaj nj\u00eb mesazh vet\u00ebvras\u00ebs dhe se ai nuk u p\u00ebrgjigjej thirrjeve.<\/p>\n<p>Ndryshe, nj\u00eb p\u00ebrfaq\u00ebsues i sh\u00ebrbimit t\u00eb shp\u00ebtimit t\u00eb qytetit thot\u00eb se ata q\u00eb kan\u00eb k\u00ebrkuar nd\u00ebrhyrje kirurgjikale jan\u00eb jasht\u00eb rrezikut p\u00ebr jet\u00eb.<\/p>\n","protected":false},"excerpt":{"rendered":"<p>Policia publikoi nj\u00eb video t\u00eb re t\u00eb sulmit nga Fakulteti Filozofik i Universitetit t\u00eb Charles&#8230;<\/p>\n","protected":false},"author":1,"featured_media":0,"comment_status":"open","ping_status":"open","sticky":false,"template":"","format":"standard","meta":{"om_disable_all_campaigns":false,"_monsterinsights_skip_tracking":false,"_monsterinsights_sitenote_active":false,"_monsterinsights_sitenote_note":"","_monsterinsights_sitenote_category":0,"_uf_show_specific_survey":0,"_uf_disable_surveys":false,"footnotes":""},"categories":[1],"tags":[],"class_list":["post-6570","post","type-post","status-publish","format-standard","hentry","category-uncategorized"],"aioseo_notices":[],"views":26,"_links":{"self":[{"href":"https:\/\/used82.com\/index.php?rest_route=\/wp\/v2\/posts\/6570","targetHints":{"allow":["GET"]}}],"collection":[{"href":"https:\/\/used82.com\/index.php?rest_route=\/wp\/v2\/posts"}],"about":[{"href":"https:\/\/used82.com\/index.php?rest_route=\/wp\/v2\/types\/post"}],"author":[{"embeddable":true,"href":"https:\/\/used82.com\/index.php?rest_route=\/wp\/v2\/users\/1"}],"replies":[{"embeddable":true,"href":"https:\/\/used82.com\/index.php?rest_route=%2Fwp%2Fv2%2Fcomments&post=6570"}],"version-history":[{"count":0,"href":"https:\/\/used82.com\/index.php?rest_route=\/wp\/v2\/posts\/6570\/revisions"}],"wp:attachment":[{"href":"https:\/\/used82.com\/index.php?rest_route=%2Fwp%2Fv2%2Fmedia&parent=6570"}],"wp:term":[{"taxonomy":"category","embeddable":true,"href":"https:\/\/used82.com\/index.php?rest_route=%2Fwp%2Fv2%2Fcategories&post=6570"},{"taxonomy":"post_tag","embeddable":true,"href":"https:\/\/used82.com\/index.php?rest_route=%2Fwp%2Fv2%2Ftags&post=6570"}],"curies":[{"name":"wp","href":"https:\/\/api.w.org\/{rel}","templated":true}]}}