{"id":6572,"date":"2023-12-22T20:29:25","date_gmt":"2023-12-22T20:29:25","guid":{"rendered":"https:\/\/used82.com\/?p=6572"},"modified":"2023-12-22T20:29:25","modified_gmt":"2023-12-22T20:29:25","slug":"ky-eshte-qyteti-i-radhes-qe-ben-transportin-publik-falas-per-te-gjithe-banoret","status":"publish","type":"post","link":"https:\/\/used82.com\/?p=6572","title":{"rendered":"Ky \u00ebsht\u00eb qyteti i radh\u00ebs q\u00eb b\u00ebn transportin publik falas p\u00ebr t\u00eb gjith\u00eb banor\u00ebt"},"content":{"rendered":"<p><strong>Qyteti francez i Montpellier n\u00eb Franc\u00ebn jugore u b\u00eb metropoli m\u00eb i fundit evropian q\u00eb lejon t\u00eb gjith\u00eb banor\u00ebt e tij t\u00eb udh\u00ebtojn\u00eb falas n\u00eb transportin publik, njoftojn\u00eb\u00a0<a href=\"https:\/\/www.theguardian.com\/world\/2023\/dec\/22\/montpellier-france-free-public-transport-residents\"><em>mediat e huaja<\/em><\/a>.<\/strong><\/p>\n<p>Nga mbr\u00ebmja e s\u00eb enjtes, banor\u00ebt e Montpellier-it me nj\u00eb leje t\u00eb posa\u00e7me mund t\u00eb udh\u00ebtojn\u00eb me tramvaje dhe autobus\u00eb pa pages\u00eb n\u00eb qytetin jugor. Vizitor\u00ebt dhe turist\u00ebt, megjithat\u00eb do t\u00eb duhet t\u00eb paguajn\u00eb 1,60 euro p\u00ebr nj\u00eb udh\u00ebtim.<\/p>\n<p>Michael Delafosse, kryetari socialist i bashkis\u00eb s\u00eb qytetit me 500.000 banor\u00eb, premtoi transport publik falas kur u zgjodh n\u00eb vitin 2020. Ai e nisi duke futur udh\u00ebtime falas n\u00eb fundjav\u00eb at\u00eb vit, m\u00eb pas vitin e ardhsh\u00ebm i zgjeroi ato p\u00ebr t\u00eb gjith\u00eb ata m\u00eb t\u00eb rinj se 18 ose m\u00eb t\u00eb vjet\u00ebr se 65 vje\u00e7 gjat\u00eb gjith\u00eb jav\u00ebs. Ky hap i inkurajon njer\u00ebzit q\u00eb t\u00eb mos udh\u00ebtojn\u00eb me automjetet e tyre.<\/p>\n<p><em>\u201cNe kemi krijuar nj\u00eb shoqat\u00eb p\u00ebr t\u00eb ndihmuar kryebashkiak\u00ebt e tjer\u00eb evropian\u00eb t\u00eb b\u00ebjn\u00eb t\u00eb nj\u00ebjt\u00ebn zgjedhje\u201d,<\/em>\u00a0tha Delafosse.<\/p>\n<p>Kujtojm\u00eb se, i gjith\u00eb Luksemburgu, duke p\u00ebrfshir\u00eb kryeqytetin e tij me t\u00eb nj\u00ebjtin em\u00ebr, hoqi tarifat n\u00eb vitin 2020, pasi kryeqyteti i Estonis\u00eb Talini prezantoi nj\u00eb politik\u00eb t\u00eb till\u00eb n\u00eb 2013.<\/p>\n","protected":false},"excerpt":{"rendered":"<p>Qyteti francez i Montpellier n\u00eb Franc\u00ebn jugore u b\u00eb metropoli m\u00eb i fundit evropian q\u00eb&#8230;<\/p>\n","protected":false},"author":1,"featured_media":0,"comment_status":"open","ping_status":"open","sticky":false,"template":"","format":"standard","meta":{"om_disable_all_campaigns":false,"_monsterinsights_skip_tracking":false,"_monsterinsights_sitenote_active":false,"_monsterinsights_sitenote_note":"","_monsterinsights_sitenote_category":0,"_uf_show_specific_survey":0,"_uf_disable_surveys":false,"footnotes":""},"categories":[1],"tags":[],"class_list":["post-6572","post","type-post","status-publish","format-standard","hentry","category-uncategorized"],"aioseo_notices":[],"views":39,"_links":{"self":[{"href":"https:\/\/used82.com\/index.php?rest_route=\/wp\/v2\/posts\/6572","targetHints":{"allow":["GET"]}}],"collection":[{"href":"https:\/\/used82.com\/index.php?rest_route=\/wp\/v2\/posts"}],"about":[{"href":"https:\/\/used82.com\/index.php?rest_route=\/wp\/v2\/types\/post"}],"author":[{"embeddable":true,"href":"https:\/\/used82.com\/index.php?rest_route=\/wp\/v2\/users\/1"}],"replies":[{"embeddable":true,"href":"https:\/\/used82.com\/index.php?rest_route=%2Fwp%2Fv2%2Fcomments&post=6572"}],"version-history":[{"count":0,"href":"https:\/\/used82.com\/index.php?rest_route=\/wp\/v2\/posts\/6572\/revisions"}],"wp:attachment":[{"href":"https:\/\/used82.com\/index.php?rest_route=%2Fwp%2Fv2%2Fmedia&parent=6572"}],"wp:term":[{"taxonomy":"category","embeddable":true,"href":"https:\/\/used82.com\/index.php?rest_route=%2Fwp%2Fv2%2Fcategories&post=6572"},{"taxonomy":"post_tag","embeddable":true,"href":"https:\/\/used82.com\/index.php?rest_route=%2Fwp%2Fv2%2Ftags&post=6572"}],"curies":[{"name":"wp","href":"https:\/\/api.w.org\/{rel}","templated":true}]}}