{"id":6576,"date":"2023-12-22T20:39:27","date_gmt":"2023-12-22T20:39:27","guid":{"rendered":"https:\/\/used82.com\/?p=6576"},"modified":"2023-12-22T20:39:27","modified_gmt":"2023-12-22T20:39:27","slug":"policia-e-kosoves-largon-rreth-50-kamera-ilegale-ne-fshatrat-serbe-te-gjilanit-dyshohet-se-jane-kontrolluar-nga-beogradi","status":"publish","type":"post","link":"https:\/\/used82.com\/?p=6576","title":{"rendered":"Policia e Kosov\u00ebs largon rreth 50 kamera ilegale n\u00eb fshatrat serbe t\u00eb Gjilanit, dyshohet se jan\u00eb kontrolluar nga Beogradi"},"content":{"rendered":"<p>Policia e Kosov\u00ebs n\u00eb koordinim me Prokurorin\u00eb n\u00eb Gjilan ka larguar 50 kamera ilegale n\u00eb fshatrat serbe n\u00eb rajonin e Gjilanit.<\/p>\n<p>Gazeta \u201cEnigma\u201d m\u00ebson se m\u00ebngjesin e s\u00eb premtes, prokurori Agron Uka ka dh\u00ebn\u00eb urdh\u00ebr p\u00ebr t\u2019i larguar kamerat, t\u00eb cilat dyshohet se jan\u00eb t\u00eb kontrolluara nga Beogradi dhe jan\u00eb t\u00eb vendosura n\u00eb fshatrat serbe.<\/p>\n<p>T\u00eb shoq\u00ebruar nga Policia e Kosov\u00ebs, pun\u00ebtort e KEDS-it kan\u00eb asistuar n\u00eb largimin e k\u00ebtyre kamerave.<\/p>\n<p>Aksioni \u00ebsht\u00eb konfirmuar edhe nga z\u00ebdh\u00ebn\u00ebsja e Prokuroris\u00eb s\u00eb Gjilanit, Liridona Xheladini.<\/p>\n<p>Ajo tha se jan\u00eb sekuestruar rreth 50 kamera n\u00eb fshatrat serbe n\u00eb Rajonin e Gjilanit, pasi dyshohet se t\u00eb nj\u00ebjtat jan\u00eb p\u00ebrdorur p\u00ebr fotografime dhe incizime t\u00eb paautorizuara.<\/p>\n<p>\u201cJu njoftojm\u00eb se me k\u00ebrkes\u00eb t\u00eb Prokuroris\u00eb Themelore n\u00eb Gjilan dhe urdh\u00ebr t\u00eb Gjykat\u00ebs kompetente n\u00eb Gjilan, Policia e Kosov\u00ebs ka sekuestruar rreth 50 kamera n\u00eb fshatrat serbe n\u00eb regjionin e Gjilanit, pasi dyshohet se t\u00eb nj\u00ebjtat jan\u00eb p\u00ebrdorur p\u00ebr fotografime dhe incizime t\u00eb paautorizuara\u201d, ka konfirmuar Liridona Xheladini.<\/p>\n<p>\u201cRasti \u00ebsht\u00eb kualifikuar si \u2018\u2019Fotografimi dhe incizimet e tjera t\u00eb paautorizuara\u2019\u2019, nga neni 202 t\u00eb Kodit Penal t\u00eb Republik\u00ebs s\u00eb Kosov\u00ebs\u201d, ka th\u00ebn\u00eb ajo.<\/p>\n<div class=\"des-adv shteti\"><\/div>\n<figure class=\"wp-block-image size-full\"><img loading=\"lazy\" decoding=\"async\" class=\"wp-image-1728649\" src=\"https:\/\/insajderi.org\/wp-content\/uploads\/2023\/12\/4-3-450x600-1.png\" alt=\"\" width=\"450\" height=\"600\" \/><\/figure>\n<figure class=\"wp-block-image size-full\"><img loading=\"lazy\" decoding=\"async\" class=\"wp-image-1728650\" src=\"https:\/\/insajderi.org\/wp-content\/uploads\/2023\/12\/2-6-450x600-1.png\" alt=\"\" width=\"450\" height=\"600\" \/><\/figure>\n<p>&nbsp;<\/p>\n<div class=\"des-adv jashtshteti\"><\/div>\n","protected":false},"excerpt":{"rendered":"<p>Policia e Kosov\u00ebs n\u00eb koordinim me Prokurorin\u00eb n\u00eb Gjilan ka larguar 50 kamera ilegale n\u00eb&#8230;<\/p>\n","protected":false},"author":1,"featured_media":0,"comment_status":"open","ping_status":"open","sticky":false,"template":"","format":"standard","meta":{"om_disable_all_campaigns":false,"_monsterinsights_skip_tracking":false,"_monsterinsights_sitenote_active":false,"_monsterinsights_sitenote_note":"","_monsterinsights_sitenote_category":0,"_uf_show_specific_survey":0,"_uf_disable_surveys":false,"footnotes":""},"categories":[1],"tags":[],"class_list":["post-6576","post","type-post","status-publish","format-standard","hentry","category-uncategorized"],"aioseo_notices":[],"views":33,"_links":{"self":[{"href":"https:\/\/used82.com\/index.php?rest_route=\/wp\/v2\/posts\/6576","targetHints":{"allow":["GET"]}}],"collection":[{"href":"https:\/\/used82.com\/index.php?rest_route=\/wp\/v2\/posts"}],"about":[{"href":"https:\/\/used82.com\/index.php?rest_route=\/wp\/v2\/types\/post"}],"author":[{"embeddable":true,"href":"https:\/\/used82.com\/index.php?rest_route=\/wp\/v2\/users\/1"}],"replies":[{"embeddable":true,"href":"https:\/\/used82.com\/index.php?rest_route=%2Fwp%2Fv2%2Fcomments&post=6576"}],"version-history":[{"count":0,"href":"https:\/\/used82.com\/index.php?rest_route=\/wp\/v2\/posts\/6576\/revisions"}],"wp:attachment":[{"href":"https:\/\/used82.com\/index.php?rest_route=%2Fwp%2Fv2%2Fmedia&parent=6576"}],"wp:term":[{"taxonomy":"category","embeddable":true,"href":"https:\/\/used82.com\/index.php?rest_route=%2Fwp%2Fv2%2Fcategories&post=6576"},{"taxonomy":"post_tag","embeddable":true,"href":"https:\/\/used82.com\/index.php?rest_route=%2Fwp%2Fv2%2Ftags&post=6576"}],"curies":[{"name":"wp","href":"https:\/\/api.w.org\/{rel}","templated":true}]}}