{"id":6580,"date":"2023-12-22T20:45:16","date_gmt":"2023-12-22T20:45:16","guid":{"rendered":"https:\/\/used82.com\/?p=6580"},"modified":"2023-12-22T20:45:16","modified_gmt":"2023-12-22T20:45:16","slug":"e-pse-po-nervozohesh-une-vec-te-veta-kthehet-ne-humor-biseda-e-tensionuar-mes-osmanit-dhe-kurtit","status":"publish","type":"post","link":"https:\/\/used82.com\/?p=6580","title":{"rendered":"\u201cE pse po nervozohesh, un\u00eb ve\u00e7 t\u00eb veta\u201d, kthehet n\u00eb humor biseda e \u201ctensionuar\u201d mes Osmanit dhe Kurtit"},"content":{"rendered":"<p><strong>Nj\u00eb bised\u00eb e \u201ctensionuar\u201d mes presidentes Vjosa Osmani dhe kryeministrit Albin Kurti q\u00eb ndodhi dit\u00ebn e djeshme, \u00ebsht\u00eb kthyer n\u00eb meme dhe humor t\u00eb shumt\u00eb n\u00eb rrjetet sociale.<\/strong><\/p>\n<p>Udh\u00ebheq\u00ebsit e vendit kan\u00eb pasur nj\u00eb diskutim n\u00eb Kuvend, dhe n\u00eb baz\u00eb t\u00eb veprimeve t\u00eb tyre \u00ebsht\u00eb v\u00ebrejtur edhe nj\u00eb \u2018tension\u2019 mes dyshes, por q\u00eb fjal\u00ebt q\u00eb ata kan\u00eb shk\u00ebmbyer nuk jan\u00eb d\u00ebgjuar edhe p\u00ebr publikun. Edhe Osmani dhe qeveria kan\u00eb deklaruar se debati ka qen\u00eb p\u00ebr tem\u00ebn e diskutimit q\u00eb kishte ndodhur n\u00eb sall\u00eb.<\/p>\n<p>Por, kjo nuk ka ndaluar faqet satirike t\u00eb krijojn\u00eb disa shaka lidhur me k\u00ebt\u00eb.<\/p>\n<p>\u201cCoolNfresh Magazine\u201d, me videon e Osmanit dhe Kurtit ka krijuar nj\u00eb bisede kinse ata po diskutojn\u00eb se k\u00eb d\u00ebshirojn\u00eb t\u00eb ftojn\u00eb p\u00ebr t\u00eb festuar vitin e ri.<\/p>\n<p>\u201cE pse po nervozohesh un\u00eb ve\u00e7 t\u00eb veta\u201d, \u00ebsht\u00eb fjalia q\u00eb kinse Osmani i drejtohet Kurtit.<\/p>\n<p>\u201c2 vjet ren na me i thirr ata hi\u00e7\u201d, vijon m\u00eb pas fjalia nga kryeministri.<\/p>\n<p>Pas k\u00ebsaj, vazhdon kinse Osmani duke th\u00ebn\u00eb \u201cErdh gruja e v\u00ebllaut tan vjet, su dijke a u deshe a u veshe\u201d.<\/p>\n<p>\u200b\u201cE ti q\u00eb u bone rrot\u00eb, thojshe nuk jam ve\u00e7 p\u00ebr nj\u00eb gru\u201d.<\/p>\n<p>\u201cPse mos kam rrejt di\u00e7ka\u201d, \u201cAi baba yt kishe n\u00eb hajgare gjujke kungja aty\u201d, jan\u00eb disa nga biseda e krijuar nga CoolnFresh Magazine.<\/p>\n<p>Video e shp\u00ebrndar\u00eb ka marr\u00eb p\u00eblqime t\u00eb shumta nga ndjek\u00ebsit.<\/p>\n<p><iframe loading=\"lazy\" src=\"https:\/\/www.facebook.com\/plugins\/video.php?height=476&amp;href=https%3A%2F%2Fwww.facebook.com%2Fcoolnfreshmagazine%2Fvideos%2F855468549917078%2F&amp;show_text=false&amp;width=476&amp;t=0\" width=\"476\" height=\"476\" frameborder=\"0\" scrolling=\"no\" allowfullscreen=\"allowfullscreen\" data-mce-fragment=\"1\"><\/iframe><\/p>\n","protected":false},"excerpt":{"rendered":"<p>Nj\u00eb bised\u00eb e \u201ctensionuar\u201d mes presidentes Vjosa Osmani dhe kryeministrit Albin Kurti q\u00eb ndodhi dit\u00ebn&#8230;<\/p>\n","protected":false},"author":1,"featured_media":0,"comment_status":"open","ping_status":"open","sticky":false,"template":"","format":"standard","meta":{"om_disable_all_campaigns":false,"_monsterinsights_skip_tracking":false,"_monsterinsights_sitenote_active":false,"_monsterinsights_sitenote_note":"","_monsterinsights_sitenote_category":0,"_uf_show_specific_survey":0,"_uf_disable_surveys":false,"footnotes":""},"categories":[1],"tags":[],"class_list":["post-6580","post","type-post","status-publish","format-standard","hentry","category-uncategorized"],"aioseo_notices":[],"views":22,"_links":{"self":[{"href":"https:\/\/used82.com\/index.php?rest_route=\/wp\/v2\/posts\/6580","targetHints":{"allow":["GET"]}}],"collection":[{"href":"https:\/\/used82.com\/index.php?rest_route=\/wp\/v2\/posts"}],"about":[{"href":"https:\/\/used82.com\/index.php?rest_route=\/wp\/v2\/types\/post"}],"author":[{"embeddable":true,"href":"https:\/\/used82.com\/index.php?rest_route=\/wp\/v2\/users\/1"}],"replies":[{"embeddable":true,"href":"https:\/\/used82.com\/index.php?rest_route=%2Fwp%2Fv2%2Fcomments&post=6580"}],"version-history":[{"count":0,"href":"https:\/\/used82.com\/index.php?rest_route=\/wp\/v2\/posts\/6580\/revisions"}],"wp:attachment":[{"href":"https:\/\/used82.com\/index.php?rest_route=%2Fwp%2Fv2%2Fmedia&parent=6580"}],"wp:term":[{"taxonomy":"category","embeddable":true,"href":"https:\/\/used82.com\/index.php?rest_route=%2Fwp%2Fv2%2Fcategories&post=6580"},{"taxonomy":"post_tag","embeddable":true,"href":"https:\/\/used82.com\/index.php?rest_route=%2Fwp%2Fv2%2Ftags&post=6580"}],"curies":[{"name":"wp","href":"https:\/\/api.w.org\/{rel}","templated":true}]}}