{"id":6582,"date":"2023-12-22T21:17:15","date_gmt":"2023-12-22T21:17:15","guid":{"rendered":"https:\/\/used82.com\/?p=6582"},"modified":"2023-12-23T07:54:35","modified_gmt":"2023-12-23T07:54:35","slug":"bama-buken-gati-se-jam-ka-vije-e-nuk-vanohna-babai-i-djalit-qe-u-vra-ne-gllogjan-rrefen-ne-gjykate","status":"publish","type":"post","link":"https:\/\/used82.com\/?p=6582","title":{"rendered":"\u201cBama buk\u00ebn gati se jam ka vij\u00eb e nuk vanohna\u201d \u2013 Babai i djalit q\u00eb u vra n\u00eb Gllogjan rr\u00ebfen n\u00eb gjykat\u00eb"},"content":{"rendered":"<p><strong>Gjat\u00eb dit\u00ebs s\u00eb sotme n\u00eb Gjykat\u00ebn n\u00eb Pej\u00eb ka nisur seanca lidhur me vrasjen e tre personave n\u00eb Gllogjan t\u00eb De\u00e7anit.<\/strong><\/p>\n<p>Si d\u00ebshmitar gjat\u00eb dit\u00ebs s\u00eb sotme \u00ebsht\u00eb d\u00ebgjuar Beq\u00eb Hamzaj, babai i djalit t\u00eb vrar\u00eb n\u00eb autobus, i cili po kthehej nga shkolla m\u00eb 26 n\u00ebntor t\u00eb vitit 2021.<\/p>\n<p>N\u00eb fjal\u00ebn e tij para trupit gjykues Hamzaj foli p\u00ebr momentin kritik.<\/p>\n<p><em>\u201cAt\u00eb nat\u00eb djali im i ndjeri, diku edhe 25 n\u00eb 7 i ka shkru nan\u00ebs s\u00eb vet \u201cBama buk\u00ebn gati se jam ka vij\u00eb e nuk vanohna.\u201d. Mu zakonisht djali m\u2019vijke n\u00eb 15 n\u00eb 7 ose 10 n\u00eb 7. E kam marr telefonin dhe e kam thirre. Aty ishte lajm\u00ebruar nj\u00eb djal\u00eb tjet\u00ebr. M\u00eb \u00ebsht\u00eb lajm\u00ebruar nj\u00eb djal\u00eb tjet\u00ebr. M\u00eb ka th\u00ebn\u00eb mos e leni pa ardh\u00eb se na kan\u00eb gjujt\u00eb me automat n\u00eb autobus\u201d \u2013 tha Hamzaj.<\/em><\/p>\n<p>P\u00ebr k\u00ebt\u00eb vrasje t\u00eb r\u00ebnd\u00eb po akuzohen Kreshnik, Halil e Kastriot Mehmetaj.<\/p>\n<p>Viktima ishin 2 nx\u00ebn\u00ebs 17-vje\u00e7ar\u00eb, L.H. dhe G.M., dhe shoferi i autobusit G.Gj.<\/p>\n<p>Vrasja kishte ndodhur n\u00eb or\u00ebt e mbr\u00ebmjes deri sa nj\u00eb autobus po qarkullonte n\u00eb rrug\u00ebn n\u00ebp\u00ebr Gllogjan.<\/p>\n<p>Gjat\u00eb seanc\u00ebs s\u00eb kaluar ndaj kryefamiljarit Mehmetaj dhe dy djemve t\u00eb tij pati rr\u00ebfime n\u00eb detaje nga t\u00eb akuzuarit dhe familjar\u00eb t\u00eb viktimave.<\/p>\n<p>Sipas dosjes s\u00eb Prokuroris\u00eb, Kreshnik e Kastriot Mehmetaj kishin planifikuar vrasjen dhe kishin ndar\u00eb detyrat, p\u00ebr m\u00ebnyr\u00ebn dhe koh\u00ebn e kryerjes s\u00eb vrasjes, kurse babai tyre i kishte shtyr\u00eb n\u00eb k\u00ebto veprime.<\/p>\n<p>Asnj\u00ebri nga t\u00eb akuzuarit nuk e ka pranuar faj\u00ebsin\u00eb p\u00ebr akuzat q\u00eb u vihen n\u00eb barr\u00eb nga Prokuroria.<\/p>\n<p>Gjykata e Pej\u00ebs kishte aprovuar k\u00ebrkes\u00ebn e prokurores Gashi dhe kishte caktuar mas\u00ebn e paraburgimit p\u00ebr t\u00eb tre.<\/p>\n<p>Tutje n\u00eb janar t\u00eb vitit 2022 nj\u00ebrit nga t\u00eb arrestuarit m\u00eb 11 dhjetor t\u00eb vitit 2021 i \u00ebsht\u00eb z\u00ebvend\u00ebsuar masa e paraburgimit me at\u00eb t\u00eb arrestit sht\u00ebpiak.<\/p>\n","protected":false},"excerpt":{"rendered":"<p>Gjat\u00eb dit\u00ebs s\u00eb sotme n\u00eb Gjykat\u00ebn n\u00eb Pej\u00eb ka nisur seanca lidhur me vrasjen e&#8230;<\/p>\n","protected":false},"author":1,"featured_media":6595,"comment_status":"open","ping_status":"open","sticky":false,"template":"","format":"standard","meta":{"om_disable_all_campaigns":false,"_monsterinsights_skip_tracking":false,"_monsterinsights_sitenote_active":false,"_monsterinsights_sitenote_note":"","_monsterinsights_sitenote_category":0,"_uf_show_specific_survey":0,"_uf_disable_surveys":false,"footnotes":""},"categories":[1],"tags":[],"class_list":["post-6582","post","type-post","status-publish","format-standard","has-post-thumbnail","hentry","category-uncategorized"],"aioseo_notices":[],"views":22,"_links":{"self":[{"href":"https:\/\/used82.com\/index.php?rest_route=\/wp\/v2\/posts\/6582","targetHints":{"allow":["GET"]}}],"collection":[{"href":"https:\/\/used82.com\/index.php?rest_route=\/wp\/v2\/posts"}],"about":[{"href":"https:\/\/used82.com\/index.php?rest_route=\/wp\/v2\/types\/post"}],"author":[{"embeddable":true,"href":"https:\/\/used82.com\/index.php?rest_route=\/wp\/v2\/users\/1"}],"replies":[{"embeddable":true,"href":"https:\/\/used82.com\/index.php?rest_route=%2Fwp%2Fv2%2Fcomments&post=6582"}],"version-history":[{"count":0,"href":"https:\/\/used82.com\/index.php?rest_route=\/wp\/v2\/posts\/6582\/revisions"}],"wp:featuredmedia":[{"embeddable":true,"href":"https:\/\/used82.com\/index.php?rest_route=\/wp\/v2\/media\/6595"}],"wp:attachment":[{"href":"https:\/\/used82.com\/index.php?rest_route=%2Fwp%2Fv2%2Fmedia&parent=6582"}],"wp:term":[{"taxonomy":"category","embeddable":true,"href":"https:\/\/used82.com\/index.php?rest_route=%2Fwp%2Fv2%2Fcategories&post=6582"},{"taxonomy":"post_tag","embeddable":true,"href":"https:\/\/used82.com\/index.php?rest_route=%2Fwp%2Fv2%2Ftags&post=6582"}],"curies":[{"name":"wp","href":"https:\/\/api.w.org\/{rel}","templated":true}]}}