{"id":6586,"date":"2023-12-23T07:40:25","date_gmt":"2023-12-23T07:40:25","guid":{"rendered":"https:\/\/used82.com\/?p=6586"},"modified":"2023-12-23T07:41:35","modified_gmt":"2023-12-23T07:41:35","slug":"luiz-ejlli-takohet-me-kryeministrin-kurti","status":"publish","type":"post","link":"https:\/\/used82.com\/?p=6586","title":{"rendered":"Luiz Ejlli takohet me Kryeministrin Kurti"},"content":{"rendered":"<p><strong>Sonte \u00ebsht\u00eb nata finale e Festivalit t\u00eb K\u00ebng\u00ebs n\u00eb edicionin e 62-t\u00eb n\u00eb RTSH.<\/strong><\/p>\n<p>P\u00ebrpos 22 artisteve q\u00eb kan\u00eb kaluar p\u00ebr n\u00eb finale, do t\u00eb jen\u00eb edhe k\u00ebng\u00ebtar\u00eb t\u00eb ftuar.<\/p>\n<p>N\u00eb sall\u00eb \u00ebsht\u00eb edhe Luiz Ejlli, fenomeni fitues i \u201dBig Brother Albania Vip 2\u201d.<\/p>\n<p>K\u00ebng\u00ebtari ka postuar nj\u00eb foto n\u00eb krah t\u00eb kryeministrit t\u00eb Kosov\u00ebs, Albin Kurti.<\/p>\n","protected":false},"excerpt":{"rendered":"<p>Sonte \u00ebsht\u00eb nata finale e Festivalit t\u00eb K\u00ebng\u00ebs n\u00eb edicionin e 62-t\u00eb n\u00eb RTSH. P\u00ebrpos&#8230;<\/p>\n","protected":false},"author":1,"featured_media":6588,"comment_status":"open","ping_status":"open","sticky":false,"template":"","format":"standard","meta":{"om_disable_all_campaigns":false,"_monsterinsights_skip_tracking":false,"_monsterinsights_sitenote_active":false,"_monsterinsights_sitenote_note":"","_monsterinsights_sitenote_category":0,"_uf_show_specific_survey":0,"_uf_disable_surveys":false,"footnotes":""},"categories":[1],"tags":[],"class_list":["post-6586","post","type-post","status-publish","format-standard","has-post-thumbnail","hentry","category-uncategorized"],"aioseo_notices":[],"views":26,"_links":{"self":[{"href":"https:\/\/used82.com\/index.php?rest_route=\/wp\/v2\/posts\/6586","targetHints":{"allow":["GET"]}}],"collection":[{"href":"https:\/\/used82.com\/index.php?rest_route=\/wp\/v2\/posts"}],"about":[{"href":"https:\/\/used82.com\/index.php?rest_route=\/wp\/v2\/types\/post"}],"author":[{"embeddable":true,"href":"https:\/\/used82.com\/index.php?rest_route=\/wp\/v2\/users\/1"}],"replies":[{"embeddable":true,"href":"https:\/\/used82.com\/index.php?rest_route=%2Fwp%2Fv2%2Fcomments&post=6586"}],"version-history":[{"count":0,"href":"https:\/\/used82.com\/index.php?rest_route=\/wp\/v2\/posts\/6586\/revisions"}],"wp:featuredmedia":[{"embeddable":true,"href":"https:\/\/used82.com\/index.php?rest_route=\/wp\/v2\/media\/6588"}],"wp:attachment":[{"href":"https:\/\/used82.com\/index.php?rest_route=%2Fwp%2Fv2%2Fmedia&parent=6586"}],"wp:term":[{"taxonomy":"category","embeddable":true,"href":"https:\/\/used82.com\/index.php?rest_route=%2Fwp%2Fv2%2Fcategories&post=6586"},{"taxonomy":"post_tag","embeddable":true,"href":"https:\/\/used82.com\/index.php?rest_route=%2Fwp%2Fv2%2Ftags&post=6586"}],"curies":[{"name":"wp","href":"https:\/\/api.w.org\/{rel}","templated":true}]}}