{"id":6601,"date":"2023-12-23T10:31:53","date_gmt":"2023-12-23T10:31:53","guid":{"rendered":"https:\/\/used82.com\/?p=6601"},"modified":"2023-12-23T10:31:53","modified_gmt":"2023-12-23T10:31:53","slug":"ndodhi-ne-kohen-kur-putini-njoftoi-se-do-te-kandidonte-perseri-ish-ministri-rus-koha-e-zhdukjes-se-navalnyt-nuk-eshte-rastesi-por-e-qellimshme","status":"publish","type":"post","link":"https:\/\/used82.com\/?p=6601","title":{"rendered":"\u2018Ndodhi n\u00eb koh\u00ebn kur Putini njoftoi se do t\u00eb kandidonte p\u00ebrs\u00ebri\u2019 ish-ministri rus: Koha e zhdukjes s\u00eb Navalnyt nuk \u00ebsht\u00eb rast\u00ebsi, por e q\u00ebllimshme"},"content":{"rendered":"<p>Udh\u00ebheq\u00ebsi i opozit\u00ebs ruse Alexei Navalny mungoi p\u00ebrs\u00ebri n\u00eb dy seancat e planifikuara gjyq\u00ebsore t\u00eb kryera p\u00ebrmes videolidhjes t\u00eb premten, sipas nj\u00eb deklarate nga ekipi i tij. Ekipi i Navalny thot\u00eb se politikani \u00ebsht\u00eb zhdukur prej 17 dit\u00ebsh, ku vendndodhja e tij ende nuk dihet.<\/p>\n<p>\u201cSot Alexey duhej t\u00eb kishte dy prova. Ai p\u00ebrs\u00ebri nuk u paraqit n\u00eb mbledhje. Navalny nuk ka qen\u00eb kurr\u00eb i fshehur p\u00ebr kaq gjat\u00eb\u201d, tha ekipi i tin\u00eb nj\u00eb postim n\u00eb Telegram.<\/p>\n<p>Koh\u00ebzgjatja e paprecedent\u00eb e munges\u00ebs s\u00eb Navalny nga publiku ka ngjallur shqet\u00ebsime p\u00ebr mir\u00ebqenien dhe sigurin\u00eb e tij.<\/p>\n<p>I pyetur n\u00eb m\u00ebnyr\u00eb t\u00eb p\u00ebrs\u00ebritur jav\u00ebn e kaluar p\u00ebr munges\u00ebn e Navalny, Kremlini u tha gazetar\u00ebve se nuk kishte \u201cas q\u00ebllimin dhe as aft\u00ebsin\u00eb p\u00ebr t\u00eb monitoruar fatin e t\u00eb burgosurve dhe procesin e q\u00ebndrimit t\u00eb tyre n\u00eb institucionet p\u00ebrkat\u00ebse\u201d.<\/p>\n<p>Vladimir Milov, nj\u00eb ish-z\u00ebvend\u00ebs minist\u00ebr rus i Energjis\u00eb dhe tani k\u00ebshilltar i Navalny-t, tha p\u00ebr CNN se koha e zhdukjes s\u00eb Navalnyt nuk ishte rast\u00ebsi, duke v\u00ebn\u00eb n\u00eb dukje njoftimin e presidentit rus Vladimir Putin p\u00ebr q\u00ebllimin e tij p\u00ebr t\u00eb kandiduar s\u00ebrish n\u00eb zgjedhjet e Rusis\u00eb n\u00eb Mars 2024, nj\u00eb l\u00ebvizje q\u00eb mund ta b\u00ebj\u00eb at\u00eb t\u00eb mbaj\u00eb pushtetin t\u00eb pakt\u00ebn deri n\u00eb vitin 2030.<\/p>\n<p>\u201cMendoj se \u00ebsht\u00eb nj\u00eb taktik\u00eb e q\u00ebllimshme. Nuk \u00ebsht\u00eb rast\u00ebsi q\u00eb Navalny u zhduk pik\u00ebrisht n\u00eb momentin kur u shpall\u00ebn t\u00eb ashtuquajturat zgjedhje t\u00eb rreme presidenciale dhe q\u00eb Putini njoftoi se do t\u00eb kandidonte p\u00ebrs\u00ebri. Putini \u00ebsht\u00eb me t\u00eb v\u00ebrtet\u00eb i gatsh\u00ebm t\u00eb tregoj\u00eb se do t\u00eb hyj\u00eb n\u00eb Kremlin p\u00ebr nj\u00eb mandat tjet\u00ebr p\u00ebrmes frik\u00ebsimit, represionit, p\u00ebrmes presionit ndaj shoq\u00ebris\u00eb dhe kjo \u00ebsht\u00eb qart\u00eb nj\u00eb shantazh p\u00ebr t\u00eb gjitha forcat opozitare\u201d, tha Milov.<\/p>\n<p>Milov tha se koleg\u00ebt e tij duhej t\u00eb d\u00ebrgonin pyetje zyrtare dhe me shkrim n\u00eb institucionet e paraburgimit n\u00eb Rusi p\u00ebr t\u00eb k\u00ebrkuar informacion mbi vendndodhjen e Navalny-t, nj\u00eb proces q\u00eb ai e p\u00ebrshkroi si nj\u00eb \u201ct\u00eb lodhsh\u00ebm\u201d dhe \u201ck\u00ebrkon koh\u00eb dhe p\u00ebrpjekje\u201d.<\/p>\n<p>\u201cKoleg\u00ebt e mi kan\u00eb bombarduar t\u00eb gjitha institucionet e njohura t\u00eb paraburgimit n\u00eb Rusi n\u00eb p\u00ebrpjekje p\u00ebr t\u00eb gjetur Navalny n\u00eb t\u00eb gjith\u00eb vendin\u201d, tha Milov.<\/p>\n<p>Ai shtoi se kan\u00eb marr\u00eb p\u00ebrgjigje, me disa qendra paraburgimi q\u00eb konfirmojn\u00eb se Navalny nuk ishte i pranish\u00ebm n\u00eb ato objekte. Ai tha se objektet e tjera nuk i jan\u00eb p\u00ebrgjigjur ende pyetjeve, duke shtuar se ishte nj\u00eb proces n\u00eb vijim.<\/p>\n","protected":false},"excerpt":{"rendered":"<p>Udh\u00ebheq\u00ebsi i opozit\u00ebs ruse Alexei Navalny mungoi p\u00ebrs\u00ebri n\u00eb dy seancat e planifikuara gjyq\u00ebsore t\u00eb&#8230;<\/p>\n","protected":false},"author":1,"featured_media":0,"comment_status":"open","ping_status":"open","sticky":false,"template":"","format":"standard","meta":{"om_disable_all_campaigns":false,"_monsterinsights_skip_tracking":false,"_monsterinsights_sitenote_active":false,"_monsterinsights_sitenote_note":"","_monsterinsights_sitenote_category":0,"_uf_show_specific_survey":0,"_uf_disable_surveys":false,"footnotes":""},"categories":[1],"tags":[],"class_list":["post-6601","post","type-post","status-publish","format-standard","hentry","category-uncategorized"],"aioseo_notices":[],"views":38,"_links":{"self":[{"href":"https:\/\/used82.com\/index.php?rest_route=\/wp\/v2\/posts\/6601","targetHints":{"allow":["GET"]}}],"collection":[{"href":"https:\/\/used82.com\/index.php?rest_route=\/wp\/v2\/posts"}],"about":[{"href":"https:\/\/used82.com\/index.php?rest_route=\/wp\/v2\/types\/post"}],"author":[{"embeddable":true,"href":"https:\/\/used82.com\/index.php?rest_route=\/wp\/v2\/users\/1"}],"replies":[{"embeddable":true,"href":"https:\/\/used82.com\/index.php?rest_route=%2Fwp%2Fv2%2Fcomments&post=6601"}],"version-history":[{"count":0,"href":"https:\/\/used82.com\/index.php?rest_route=\/wp\/v2\/posts\/6601\/revisions"}],"wp:attachment":[{"href":"https:\/\/used82.com\/index.php?rest_route=%2Fwp%2Fv2%2Fmedia&parent=6601"}],"wp:term":[{"taxonomy":"category","embeddable":true,"href":"https:\/\/used82.com\/index.php?rest_route=%2Fwp%2Fv2%2Fcategories&post=6601"},{"taxonomy":"post_tag","embeddable":true,"href":"https:\/\/used82.com\/index.php?rest_route=%2Fwp%2Fv2%2Ftags&post=6601"}],"curies":[{"name":"wp","href":"https:\/\/api.w.org\/{rel}","templated":true}]}}