{"id":6606,"date":"2023-12-23T15:43:57","date_gmt":"2023-12-23T15:43:57","guid":{"rendered":"https:\/\/used82.com\/?p=6606"},"modified":"2023-12-23T15:43:57","modified_gmt":"2023-12-23T15:43:57","slug":"kurti-radoiciqi-po-ben-plane-per-sulme-te-tjera-ne-kosove","status":"publish","type":"post","link":"https:\/\/used82.com\/?p=6606","title":{"rendered":"Kurti: Radoi\u00e7iqi po b\u00ebn plane p\u00ebr sulme t\u00eb tjera n\u00eb Kosov\u00eb"},"content":{"rendered":"<div id=\"fb-root\"><\/div>\n<article>Kryeministri Albin Kurti ka th\u00ebn\u00eb se Milan Radoi\u00e7iq po mban takime me sh\u00ebrbimin sekret serb e se po strehon an\u00ebtar\u00eb t\u00eb organizatave terroriste p\u00ebr t\u00eb planifikuar nj\u00eb sulm t\u00eb riu n\u00eb Kosov\u00eb.<\/p>\n<p>\u201cPas sulmit terrorist, Radoi\u00e7iq u lirua ga gjykata serbe n\u00eb koh\u00eb rekorde, ai tash po vazhdon p\u00ebrgatitjet p\u00ebr sulme tjera n\u00eb Kosov\u00eb bashk\u00eb disa pjes\u00ebtar\u00eb t\u00eb organizat\u00ebs terroriste \u201cMbrojtja Civile\u201d. Radoi\u00e7iq po mban takime t\u00eb rregullta me zyrtar\u00eb t\u00eb lart\u00eb t\u00eb BIA-s. ambientet e firm\u00ebs n\u00eb Rashk\u00eb, si ato t\u00eb Novi Pazar Put, po p\u00ebrdoren p\u00ebr strehimin dhe ruajtjen e automjeteve dhe mjeteve eksplozive p\u00ebr sulmet e ardhshme nga Radoi\u00e7iq dhe grupi i tij. N\u00eb k\u00ebt\u00eb nd\u00ebrtes\u00eb strehohen disa an\u00ebtar\u00eb t\u00eb \u201cMbrojtjes Civile\u201d q\u00eb instruktor e kan\u00eb Uglesha Jaridiq\u201d, ka th\u00ebn\u00eb ai n\u00eb nj\u00eb konferenc\u00eb.<\/p>\n<div class=\"mobile-show-more\">\n<p>Ai ka th\u00ebn\u00eb se mjetet q\u00eb jan\u00eb p\u00ebrdorur n\u00eb Banjsk\u00eb ishte ruajtur n\u00eb nj\u00eb kompani serbe e cila \u00ebsht\u00eb n\u00eb list\u00ebn e zez\u00eb t\u00eb SHBA-s\u00eb.<\/p>\n<p>\u201cAutomjetet, arm\u00ebt dhe arsenali i p\u00ebrdorur n\u00eb Banjsk\u00eb ishin t\u00eb p\u00ebrqendruara n\u00eb k\u00ebt\u00eb lokacion&#8230; kjo kompani (Novi Pazar Put) q\u00eb \u00ebsht\u00eb n\u00eb list\u00eb t\u00eb zez\u00eb t\u00eb SHBA-s\u00eb \u00ebsht\u00eb pron\u00eb e v\u00ebllez\u00ebrve Zvonko e Zharko Veselinoviq dhe Milan Radoiciq. Drejtor \u00ebsht\u00eb nj\u00eb kolonel i pensionuar i ushtris\u00eb serbe, G\u00ebrrba. Ka marr\u00eb pjes\u00eb n\u00eb luft\u00ebrat e Kroacis\u00eb, Bosnj\u00ebs dhe Kosov\u00ebs. Nj\u00eb muaj para sulmit n\u00eb Banjsk\u00eb k\u00ebt\u00eb kompani e kishte vizituar presidenti i Serbis\u00eb p\u00ebr ta p\u00ebruruar nd\u00ebrtimin e rrug\u00ebs Rashk\u00eb \u2013 Novi Pazar. Gjat\u00eb vizit\u00ebs e kishte lavd\u00ebruar pun\u00ebn e drejtorit dhe i ishte referuar si njeriu m\u00eb i shpejt\u00eb. Vu\u00e7iq deklaroi nga aty q\u00eb e ka t\u00eb v\u00ebshtir\u00eb t\u00eb gjej\u00eb zgjidhje kur flet me njer\u00ebz nga Prishtina, q\u00eb sipas tij po k\u00ebrkojn\u00eb arsye p\u00ebr konflikte ndaj popullat\u00ebs serbe. Ai akuzonte p\u00ebr sulm sepse po p\u00ebrgatitej p\u00ebr sulm\u201d, ka th\u00ebn\u00eb ai.<\/p>\n<p>Kurti ka th\u00ebn\u00eb se Radoi\u00e7iqi po fsheh an\u00ebtar\u00ebt e organizat\u00ebs s\u00eb shpallur is terroriste \u201cMbrojtja Civile\u201d.<\/p>\n<p>\u201cPas sulmit terrorist, Radoi\u00e7iq u lirua nga gjykata serbe n\u00eb koh\u00eb rekorde, ai tash po vazhdon p\u00ebrgatitjet p\u00ebr sulme tjera n\u00eb Kosov\u00eb bashk\u00eb disa pjes\u00ebtar\u00eb t\u00eb organizat\u00ebs terroriste \u201cMbrojtja Civile\u201d. Radoi\u00e7iq po mban takime t\u00eb rregullta me zyrtar\u00eb t\u00eb lart\u00eb t\u00eb BIA-s. Ambientet e firm\u00ebs n\u00eb Rashk\u00eb, si ato t\u00eb Novi Pazar Put, po p\u00ebrdoren p\u00ebr strehimin dhe ruajtjen e automjeteve dhe mjeteve eksplozive p\u00ebr sulmet e ardhshme nga Radoi\u00e7iq dhe grupi i tij. N\u00eb k\u00ebt\u00eb nd\u00ebrtes\u00eb strehohen disa an\u00ebtar\u00eb t\u00eb \u201cMbrojtjes Civile\u201d q\u00eb instruktor e kan\u00eb Uglesha Jaridi\u201d.<\/p>\n<p>\u201cParamilitar\u00ebt e Radoi\u00e7it po strehohen n\u00eb objektet q\u00eb ai ka n\u00eb pron\u00ebsi n\u00eb k\u00ebt\u00eb park turistik dhe p\u00ebrvec akomodimit, an\u00ebtar\u00ebt e grupit terrorist paguhen rreth 2 mij\u00eb euro n\u00eb muaj. Deri n\u00eb shtator ato jan\u00eb shfryt\u00ebzuar nga turist\u00ebt me qira\u201d.<\/p>\n<p>Kurti ka treguar tutje se grupi ka mbajtur trajnime t\u00eb tjera me mjete t\u00eb r\u00ebnda lufte.<\/p>\n<p>\u201cNj\u00ebkoh\u00ebsisht nj grup prej 80 personash t\u00eb larguar nga Kosova kan\u00eb vazhduar ushtrimin n\u00eb poligonin Zimovnik n\u00eb af\u00ebrsi t\u00eb Rashk\u00ebs. Trajnimet drejtohen nga ushtarak\u00eb serb\u00eb t\u00eb pensionuar q\u00eb kan\u00eb grada t\u00eb larta dhe q\u00eb kan\u00eb njohuri p\u00ebr Kosov\u00ebn pasi mbase kan\u00eb sh\u00ebrbyer n\u00eb ushtri gjat\u00eb luft\u00ebs te ne. Ushtrimet jan\u00eb duke u kryer p\u00ebr vendosjen e minave antitank n\u00eb kushte dim\u00ebrore dhe p\u00ebr snajperist\u00eb\u201d.<\/p>\n<p>Ka theksuar se n\u00eb n\u00ebntor ishte planifikuar nj\u00eb sulm.<\/p>\n<p>\u201cGjat\u00eb n\u00ebntorit 2023 ka pasur planifikime q\u00eb t\u00eb kryhet nj\u00eb sulm n\u00eb drejtim t\u00eb komun\u00ebs s\u00eb Zubin Potokut, me q\u00ebllim marrjen e vil\u00ebs s\u00eb Radoi\u00e7iqit n\u00eb brigjet e Ujmanit, por k\u00ebto plane jan\u00eb pezulluar p\u00ebrkoh\u00ebsisht p\u00ebr shkak t\u00eb zgjedhjeve n\u00eb Serbi. Plani paraprak p\u00ebr sulme hakmarr\u00ebse nga PK-s\u00eb kemi marr\u00eb vesh se ka ndryshuar pas intensifikimit t\u00eb patrullimit t\u00eb PK-s\u00eb e KFOR-it rreth kufirit me Serbin\u00eb\u201d.<\/p>\n<p>Sulm, sipas Kurtit, planifikoj edhe k\u00ebt\u00eb jav\u00eb, pas zgjedhjeve n\u00eb Serbi.<\/p>\n<p>\u201cN\u00eb poligonin e Serbis\u00eb n\u00eb Peshter, kan\u00eb rifilluar ushtrimet e nj\u00eb grupi prej 60 pjes\u00ebtar\u00ebsh t\u00eb \u201cMbrojtjes Civile\u201d q\u00eb kan\u00eb marr\u00eb pjes\u00eb n\u00eb sulmin n\u00eb Banjsk\u00eb. Ky grup kishte planifikuar sulm ndaj Policis\u00eb son\u00eb pas p\u00ebrfundimit t\u00eb zgjedhjeve n\u00eb Serbi n\u00eb lokacionet kufitare q\u00eb lidhen me rrug\u00ebt ilegale alternative. P\u00ebr k\u00ebt\u00eb q\u00ebllim raportohet t\u00eb ket\u00eb pasur l\u00ebvizje nga ushtria e Serbis\u00eb q\u00eb ka stacionuar ushtar\u00ebt n\u00eb disa pika, n\u00eb lokacione ku parashiheshin k\u00ebto sulme. Pjes\u00ebtar\u00ebt e ikur nga veriu jan\u00eb grumbulluar edhe n\u00eb nj\u00eb vend tjet\u00ebr t\u00eb quajtur Go\u00e7\u201d.<\/p>\n<p><strong>Kurti e kritikon KPK-n\u00eb p\u00ebr Banjsk\u00ebn: Mosinformimi \u00ebsht\u00eb i padrejt\u00eb dhe i pakuptuesh\u00ebm<\/strong><\/p>\n<p>Kurti ka kritikuar K\u00ebshillin Prokurorial pasi ka deklaruar se pas muajsh nga sulmi n\u00eb Basnjk\u00eb, nuk ka informacione e aktakuza.<\/p>\n<p>\u201cK\u00ebshilli Prokurorial, kryeprorkuria e shtetit, tre muaj pas sulmit terrorist n\u00eb Banjsk\u00eb ende nuk ngrit\u00ebn aktakuza dhe nuk njoftuan publikun p\u00ebr sulmin m\u00eb t\u00eb madh t\u00eb orkestruar ndaj republik\u00ebs son\u00eb jo vet\u00ebm n\u00eb vitin 2023 jo vet\u00ebm ndaj PK-s\u00eb, po integriteti territorial. Ky pasivitet dhe mosinformim \u00ebsht\u00eb i padrejt\u00eb dhe i pakuptuesh\u00ebm\u201d, ka th\u00ebn\u00eb ai.<\/p>\n<\/div>\n<\/article>\n","protected":false},"excerpt":{"rendered":"<p>Kryeministri Albin Kurti ka th\u00ebn\u00eb se Milan Radoi\u00e7iq po mban takime me sh\u00ebrbimin sekret serb&#8230;<\/p>\n","protected":false},"author":1,"featured_media":0,"comment_status":"open","ping_status":"open","sticky":false,"template":"","format":"standard","meta":{"om_disable_all_campaigns":false,"_monsterinsights_skip_tracking":false,"_monsterinsights_sitenote_active":false,"_monsterinsights_sitenote_note":"","_monsterinsights_sitenote_category":0,"_uf_show_specific_survey":0,"_uf_disable_surveys":false,"footnotes":""},"categories":[1],"tags":[],"class_list":["post-6606","post","type-post","status-publish","format-standard","hentry","category-uncategorized"],"aioseo_notices":[],"views":32,"_links":{"self":[{"href":"https:\/\/used82.com\/index.php?rest_route=\/wp\/v2\/posts\/6606","targetHints":{"allow":["GET"]}}],"collection":[{"href":"https:\/\/used82.com\/index.php?rest_route=\/wp\/v2\/posts"}],"about":[{"href":"https:\/\/used82.com\/index.php?rest_route=\/wp\/v2\/types\/post"}],"author":[{"embeddable":true,"href":"https:\/\/used82.com\/index.php?rest_route=\/wp\/v2\/users\/1"}],"replies":[{"embeddable":true,"href":"https:\/\/used82.com\/index.php?rest_route=%2Fwp%2Fv2%2Fcomments&post=6606"}],"version-history":[{"count":0,"href":"https:\/\/used82.com\/index.php?rest_route=\/wp\/v2\/posts\/6606\/revisions"}],"wp:attachment":[{"href":"https:\/\/used82.com\/index.php?rest_route=%2Fwp%2Fv2%2Fmedia&parent=6606"}],"wp:term":[{"taxonomy":"category","embeddable":true,"href":"https:\/\/used82.com\/index.php?rest_route=%2Fwp%2Fv2%2Fcategories&post=6606"},{"taxonomy":"post_tag","embeddable":true,"href":"https:\/\/used82.com\/index.php?rest_route=%2Fwp%2Fv2%2Ftags&post=6606"}],"curies":[{"name":"wp","href":"https:\/\/api.w.org\/{rel}","templated":true}]}}