{"id":6608,"date":"2023-12-23T15:45:37","date_gmt":"2023-12-23T15:45:37","guid":{"rendered":"https:\/\/used82.com\/?p=6608"},"modified":"2023-12-23T15:45:37","modified_gmt":"2023-12-23T15:45:37","slug":"kosova-ne-pergatitje-te-padise-ndaj-serbise-per-gjenocid","status":"publish","type":"post","link":"https:\/\/used82.com\/?p=6608","title":{"rendered":"Kosova n\u00eb p\u00ebrgatitje t\u00eb padis\u00eb ndaj Serbis\u00eb p\u00ebr gjenocid"},"content":{"rendered":"<p>Z\u00ebvend\u00ebsministri i Drejt\u00ebsis\u00eb, Vigan Qorrolli, ka deklaruar se institucionet e Kosov\u00ebs \u00e7do dit\u00eb jan\u00eb duke mbledhur materiale p\u00ebr dokumentimin e krimeve t\u00eb luft\u00ebs p\u00ebr t\u00eb paditur Serbin\u00eb p\u00ebr gjenocid.<\/p>\n<p>Qorrolli sa i p\u00ebrket parap\u00ebrgatitjes se padis\u00eb p\u00ebr gjenocid ndaj Serbis\u00eb, tha se me themelimin e Instituti p\u00ebr krime t\u00eb Luft\u00ebs do t\u00eb b\u00ebhet grumbullimi i fakteve t\u00eb cilat m\u00eb pastaj do t\u00eb d\u00ebrgojn\u00eb drejt hartimit ligjor t\u00eb nj\u00eb padie. Ai ka th\u00ebn\u00eb se duke marr parasysh q\u00eb Kosova nuk \u00ebsht\u00eb an\u00ebtare e GjND-s\u00eb dhe OKB-s\u00eb \u00ebsht\u00eb nj\u00eb v\u00ebshtir\u00ebsi procedurale p\u00ebr ta b\u00ebr\u00eb nj\u00eb padi t\u00eb till\u00eb, por sipas tij, p\u00ebrgatitjet kan\u00eb filluar dhe se ky do t\u00eb jet\u00eb nj\u00eb synim afatmes\u00ebm.<\/p>\n<div class=\"mobile-show-more\">\n<p>\u201cS\u00eb fundi \u00ebsht\u00eb themeluar edhe Instituti p\u00ebr krime t\u00eb Luft\u00ebs dhe tashm\u00eb n\u00eb ridizajnimin e tij institucional kompetenca e tyre do t\u00eb jet\u00eb edhe \u00e7\u00ebshtja e grumbullimit t\u00eb fakteve m\u00eb t\u00eb m\u00ebdha t\u00eb cilat do t\u00eb d\u00ebrgojn\u00eb pastaj drejt hartimit ligjor t\u00eb nj\u00eb padie. Ju e dini q\u00eb duke qen\u00eb se Kosova nuk \u00ebsht\u00eb an\u00ebtare e Gjykat\u00ebs Nd\u00ebrkomb\u00ebtare t\u00eb Drejt\u00ebsis\u00eb pal\u00eb e statuti dhe nuk \u00ebsht\u00eb an\u00ebtare e OKB-s\u00eb, \u00ebsht\u00eb nj\u00eb v\u00ebshtir\u00ebsi procedurale p\u00ebr ta b\u00ebr\u00eb t\u00eb nj\u00ebjt\u00ebn gj\u00eb. Por ne kemi filluar p\u00ebrgatitjet dhe se ky do t\u00eb jet\u00eb nj\u00eb synim afatmes\u00ebm i parap\u00ebrgatitjes s\u00eb padis\u00eb n\u00eb GjND\u201d.<\/p>\n<p>\u201cPor p\u00ebr momentin q\u00eb nuk jemi pal\u00eb e statutit t\u00eb GJND-s\u00eb kjo \u00ebsht\u00eb nj\u00eb \u00e7\u00ebshtje ende e parakohshme, por sigurisht q\u00eb padia, komisionet, MD, Instituti p\u00ebr krime luft\u00ebs , zyra e kryeministrit mbledhin materiale dhe \u00e7do dit\u00eb punohet q\u00eb t\u00eb b\u00ebhet dokumentim sa m\u00eb i mir\u00eb i krimeve t\u00eb luft\u00ebs dhe kjo do t\u00eb qoj nj\u00eb dit\u00eb sigurisht n\u00eb paraqitjen e padis\u00eb n\u00eb GjND\u201d, tha ai.<\/p>\n<\/div>\n","protected":false},"excerpt":{"rendered":"<p>Z\u00ebvend\u00ebsministri i Drejt\u00ebsis\u00eb, Vigan Qorrolli, ka deklaruar se institucionet e Kosov\u00ebs \u00e7do dit\u00eb jan\u00eb duke&#8230;<\/p>\n","protected":false},"author":1,"featured_media":0,"comment_status":"open","ping_status":"open","sticky":false,"template":"","format":"standard","meta":{"om_disable_all_campaigns":false,"_monsterinsights_skip_tracking":false,"_monsterinsights_sitenote_active":false,"_monsterinsights_sitenote_note":"","_monsterinsights_sitenote_category":0,"_uf_show_specific_survey":0,"_uf_disable_surveys":false,"footnotes":""},"categories":[1],"tags":[],"class_list":["post-6608","post","type-post","status-publish","format-standard","hentry","category-uncategorized"],"aioseo_notices":[],"views":41,"_links":{"self":[{"href":"https:\/\/used82.com\/index.php?rest_route=\/wp\/v2\/posts\/6608","targetHints":{"allow":["GET"]}}],"collection":[{"href":"https:\/\/used82.com\/index.php?rest_route=\/wp\/v2\/posts"}],"about":[{"href":"https:\/\/used82.com\/index.php?rest_route=\/wp\/v2\/types\/post"}],"author":[{"embeddable":true,"href":"https:\/\/used82.com\/index.php?rest_route=\/wp\/v2\/users\/1"}],"replies":[{"embeddable":true,"href":"https:\/\/used82.com\/index.php?rest_route=%2Fwp%2Fv2%2Fcomments&post=6608"}],"version-history":[{"count":0,"href":"https:\/\/used82.com\/index.php?rest_route=\/wp\/v2\/posts\/6608\/revisions"}],"wp:attachment":[{"href":"https:\/\/used82.com\/index.php?rest_route=%2Fwp%2Fv2%2Fmedia&parent=6608"}],"wp:term":[{"taxonomy":"category","embeddable":true,"href":"https:\/\/used82.com\/index.php?rest_route=%2Fwp%2Fv2%2Fcategories&post=6608"},{"taxonomy":"post_tag","embeddable":true,"href":"https:\/\/used82.com\/index.php?rest_route=%2Fwp%2Fv2%2Ftags&post=6608"}],"curies":[{"name":"wp","href":"https:\/\/api.w.org\/{rel}","templated":true}]}}