{"id":6610,"date":"2023-12-23T15:48:12","date_gmt":"2023-12-23T15:48:12","guid":{"rendered":"https:\/\/used82.com\/?p=6610"},"modified":"2023-12-23T15:48:12","modified_gmt":"2023-12-23T15:48:12","slug":"kurti-vazhdon-te-ankohet-per-radoicicin-kurse-i-lejoi-korridor-terheqjeje-me-24-shtator","status":"publish","type":"post","link":"https:\/\/used82.com\/?p=6610","title":{"rendered":"\u201cKurti vazhdon t\u00eb ankohet p\u00ebr Radoi\u00e7i\u00e7in, kurse i lejoi korridor t\u00ebrheqjeje m\u00eb 24 shtator\u201d"},"content":{"rendered":"<p>Shefi i Grupit Parlamentar t\u00eb PDK-s\u00eb, Abelard Tahiri, ka folur p\u00ebr konferenc\u00ebn e sotme dhe deklarimet e kryeministrit Albin Kurti se \u00ebsht\u00eb duke u p\u00ebrgatitur sulm tjet\u00ebr ndaj Kosov\u00ebs.<\/p>\n<p>Tahiri tha se ndon\u00ebse Kuti po ankohet p\u00ebr terroristin, Milan Radoi\u00e7iq, i cili kishte organizuar sulmin e Banjsk\u00ebs nga ku mbeti i vrar\u00eb polici Afrim Bunjaku, ai e ka l\u00ebn\u00eb t\u00eb lir\u00eb m\u00eb 24 shtator q\u00eb t\u00eb ikte drejt Serbis\u00eb.<\/p>\n<p>\u201cAlbin Kurti vazhdon t\u00eb ankohet p\u00ebr Radoi\u00e7iqin, por ende nuk e ka sqaruar p\u00ebr publikun p\u00ebrse e la t\u00eb lir\u00eb Radoi\u00e7iqin m\u00eb 24 shtator n\u00eb Banjsk\u00eb. P\u00ebrmes dronit t\u00eb institucioneve t\u00eb siguris\u00eb, kryeministri i ka p\u00ebrcjellur n\u00eb koh\u00eb reale l\u00ebvizjet e Radoi\u00e7iqit. Megjithat\u00eb, ai dhe banda e tij u lejuan t\u00eb iknin dhe sot paraqesin rrezik serioz p\u00ebr sigurin\u00eb e Kosov\u00ebs\u201d, ka shkruar Tahiri.<\/p>\n","protected":false},"excerpt":{"rendered":"<p>Shefi i Grupit Parlamentar t\u00eb PDK-s\u00eb, Abelard Tahiri, ka folur p\u00ebr konferenc\u00ebn e sotme dhe&#8230;<\/p>\n","protected":false},"author":1,"featured_media":0,"comment_status":"open","ping_status":"open","sticky":false,"template":"","format":"standard","meta":{"om_disable_all_campaigns":false,"_monsterinsights_skip_tracking":false,"_monsterinsights_sitenote_active":false,"_monsterinsights_sitenote_note":"","_monsterinsights_sitenote_category":0,"_uf_show_specific_survey":0,"_uf_disable_surveys":false,"footnotes":""},"categories":[1],"tags":[],"class_list":["post-6610","post","type-post","status-publish","format-standard","hentry","category-uncategorized"],"aioseo_notices":[],"views":23,"_links":{"self":[{"href":"https:\/\/used82.com\/index.php?rest_route=\/wp\/v2\/posts\/6610","targetHints":{"allow":["GET"]}}],"collection":[{"href":"https:\/\/used82.com\/index.php?rest_route=\/wp\/v2\/posts"}],"about":[{"href":"https:\/\/used82.com\/index.php?rest_route=\/wp\/v2\/types\/post"}],"author":[{"embeddable":true,"href":"https:\/\/used82.com\/index.php?rest_route=\/wp\/v2\/users\/1"}],"replies":[{"embeddable":true,"href":"https:\/\/used82.com\/index.php?rest_route=%2Fwp%2Fv2%2Fcomments&post=6610"}],"version-history":[{"count":0,"href":"https:\/\/used82.com\/index.php?rest_route=\/wp\/v2\/posts\/6610\/revisions"}],"wp:attachment":[{"href":"https:\/\/used82.com\/index.php?rest_route=%2Fwp%2Fv2%2Fmedia&parent=6610"}],"wp:term":[{"taxonomy":"category","embeddable":true,"href":"https:\/\/used82.com\/index.php?rest_route=%2Fwp%2Fv2%2Fcategories&post=6610"},{"taxonomy":"post_tag","embeddable":true,"href":"https:\/\/used82.com\/index.php?rest_route=%2Fwp%2Fv2%2Ftags&post=6610"}],"curies":[{"name":"wp","href":"https:\/\/api.w.org\/{rel}","templated":true}]}}