{"id":6612,"date":"2023-12-23T15:49:30","date_gmt":"2023-12-23T15:49:30","guid":{"rendered":"https:\/\/used82.com\/?p=6612"},"modified":"2023-12-23T15:49:30","modified_gmt":"2023-12-23T15:49:30","slug":"hiqet-kufiri-i-dyfishte-me-maqedonine-e-veriut","status":"publish","type":"post","link":"https:\/\/used82.com\/?p=6612","title":{"rendered":"Hiqet kufiri i dyfisht\u00eb me Maqedonin\u00eb e Veriut"},"content":{"rendered":"<p>Z\u00ebvend\u00ebskryeministri n\u00eb Maqedonin\u00eb e Veriut, Artan Grubi, ka b\u00ebr\u00eb t\u00eb ditur se Kuvendi ka ratifikuar dje propozimin e Qeveris\u00eb p\u00ebr heqjen e kufirit me Kosov\u00ebn n\u00ebp\u00ebrmjet vendosjes s\u00eb nj\u00eb pike t\u00eb p\u00ebrbashk\u00ebt kontrolli me aplikacion dhe data-baz\u00eb t\u00eb p\u00ebrbashk\u00ebt.<\/p>\n<p>Sipas tij, nj\u00eb rajon i hapur i kontribuon zhvillimit t\u00eb p\u00ebrgjithsh\u00ebm, njohjes s\u00eb nd\u00ebrsjell\u00eb, rr\u00ebnimit t\u00eb paragjykimeve, fqinj\u00ebsis\u00eb s\u00eb mir\u00eb dhe hap\u00ebrimit m\u00eb t\u00eb shpejt\u00eb drejt horizontit t\u00eb p\u00ebrbashk\u00ebt t\u00eb Evrop\u00ebs.<\/p>\n<p>\u201cKy fundvit po sjell nj\u00eb tjet\u00ebr lajm t\u00eb bukur sa i p\u00ebrket heqjes s\u00eb barrierave v\u00ebshtir\u00ebsuese t\u00eb l\u00ebvizjes son\u00eb nd\u00ebrkufitare. Kuvendi ratifikoi dje propozimin e Qeveris\u00eb p\u00ebr heqjen e kufirit me Republik\u00ebn e Kosov\u00ebs n\u00ebp\u00ebrmjet vendosjes s\u00eb nj\u00eb pike t\u00eb p\u00ebrbashk\u00ebt kontrolli me aplikacion dhe data-baz\u00eb t\u00eb p\u00ebrbashk\u00ebt. Nj\u00eb rajon i hapur i kontribuon zhvillimit t\u00eb p\u00ebrgjithsh\u00ebm, njohjes s\u00eb nd\u00ebrsjell\u00eb, rr\u00ebnimit t\u00eb paragjykimeve, fqinj\u00ebsis\u00eb s\u00eb mir\u00eb dhe hap\u00ebrimit m\u00eb t\u00eb shpejt\u00eb drejt horizontit t\u00eb p\u00ebrbashk\u00ebt t\u00eb Evrop\u00ebs\u201d, ka shkruar Grubi n\u00eb Facebook.<\/p>\n","protected":false},"excerpt":{"rendered":"<p>Z\u00ebvend\u00ebskryeministri n\u00eb Maqedonin\u00eb e Veriut, Artan Grubi, ka b\u00ebr\u00eb t\u00eb ditur se Kuvendi ka ratifikuar&#8230;<\/p>\n","protected":false},"author":1,"featured_media":0,"comment_status":"open","ping_status":"open","sticky":false,"template":"","format":"standard","meta":{"om_disable_all_campaigns":false,"_monsterinsights_skip_tracking":false,"_monsterinsights_sitenote_active":false,"_monsterinsights_sitenote_note":"","_monsterinsights_sitenote_category":0,"_uf_show_specific_survey":0,"_uf_disable_surveys":false,"footnotes":""},"categories":[1],"tags":[],"class_list":["post-6612","post","type-post","status-publish","format-standard","hentry","category-uncategorized"],"aioseo_notices":[],"views":22,"_links":{"self":[{"href":"https:\/\/used82.com\/index.php?rest_route=\/wp\/v2\/posts\/6612","targetHints":{"allow":["GET"]}}],"collection":[{"href":"https:\/\/used82.com\/index.php?rest_route=\/wp\/v2\/posts"}],"about":[{"href":"https:\/\/used82.com\/index.php?rest_route=\/wp\/v2\/types\/post"}],"author":[{"embeddable":true,"href":"https:\/\/used82.com\/index.php?rest_route=\/wp\/v2\/users\/1"}],"replies":[{"embeddable":true,"href":"https:\/\/used82.com\/index.php?rest_route=%2Fwp%2Fv2%2Fcomments&post=6612"}],"version-history":[{"count":0,"href":"https:\/\/used82.com\/index.php?rest_route=\/wp\/v2\/posts\/6612\/revisions"}],"wp:attachment":[{"href":"https:\/\/used82.com\/index.php?rest_route=%2Fwp%2Fv2%2Fmedia&parent=6612"}],"wp:term":[{"taxonomy":"category","embeddable":true,"href":"https:\/\/used82.com\/index.php?rest_route=%2Fwp%2Fv2%2Fcategories&post=6612"},{"taxonomy":"post_tag","embeddable":true,"href":"https:\/\/used82.com\/index.php?rest_route=%2Fwp%2Fv2%2Ftags&post=6612"}],"curies":[{"name":"wp","href":"https:\/\/api.w.org\/{rel}","templated":true}]}}