{"id":6614,"date":"2023-12-23T15:54:51","date_gmt":"2023-12-23T15:54:51","guid":{"rendered":"https:\/\/used82.com\/?p=6614"},"modified":"2023-12-23T15:54:51","modified_gmt":"2023-12-23T15:54:51","slug":"vdes-ambasadori-kornblum-i-cili-beri-historine-duke-hapur-zyren-e-pare-te-shba-se-ne-kosove","status":"publish","type":"post","link":"https:\/\/used82.com\/?p=6614","title":{"rendered":"Vdes Ambasadori Kornblum i cili b\u00ebri historin\u00eb duke hapur zyr\u00ebn e par\u00eb t\u00eb SHBA-s\u00eb n\u00eb Kosov\u00eb"},"content":{"rendered":"<p><strong>Ambasada e Kosov\u00ebs n\u00eb Washington ka njoftuar p\u00ebr vdekjen e ambasadorit amerikan John Kornblum, i cili kishte b\u00ebr\u00eb hapjen e par\u00eb t\u00eb zyr\u00ebs s\u00eb SHBA-s\u00eb n\u00eb Kosov\u00eb m\u00eb 5 qershor 1996, vendim ky historik n\u00eb nj\u00eb moment historik n\u00eb mb\u00ebshtetjen amerikane p\u00ebr Kosov\u00ebn.<\/strong><\/p>\n<p>Ambasada e Kosov\u00ebs ka shprehur ngush\u00ebllime p\u00ebr vdekjen e Kornblum duke rikujtuar pun\u00ebn e palodhshme t\u00eb tij p\u00ebr lirin\u00eb, demokracin\u00eb dhe raportet transatlantike.<\/p>\n<p>\u201cMe pik\u00ebllim d\u00ebgjuam p\u00ebr ndarjen nga jeta t\u00eb ambasadorit John C. Kornblum, nj\u00eb gjigant i v\u00ebrtet\u00eb n\u00eb historin\u00eb diplomatike.<\/p>\n<p>Ngush\u00ebllimet tona t\u00eb p\u00ebrzem\u00ebrta shkojn\u00eb p\u00ebr familjen dhe miqt\u00eb e tij. Hapja historike e zyr\u00ebs s\u00eb par\u00eb diplomatike t\u00eb SHBA-s\u00eb n\u00eb Kosov\u00eb nga Ambasadorja Kornblum m\u00eb 5 qershor 1996, sh\u00ebnoi nj\u00eb moment historik n\u00eb mb\u00ebshtetjen e pal\u00ebkundur amerikane p\u00ebr kauz\u00ebn ton\u00eb.<\/p>\n<p>P\u00ebrkushtimi i tij i palodhsh\u00ebm p\u00ebr lirin\u00eb, demokracin\u00eb dhe marr\u00ebdh\u00ebniet transatlantike, i shtrir\u00eb mbi 40 vjet, p\u00ebrfaq\u00ebson nj\u00eb trash\u00ebgimi q\u00eb do t\u00eb vazhdoj\u00eb t\u00eb jetoj\u00eb.<\/p>\n<p>U prefsh n\u00eb paqe, ambasador Kornblum!\u201d, ka shkruar Ambasada.<\/p>\n","protected":false},"excerpt":{"rendered":"<p>Ambasada e Kosov\u00ebs n\u00eb Washington ka njoftuar p\u00ebr vdekjen e ambasadorit amerikan John Kornblum, i&#8230;<\/p>\n","protected":false},"author":1,"featured_media":0,"comment_status":"open","ping_status":"open","sticky":false,"template":"","format":"standard","meta":{"om_disable_all_campaigns":false,"_monsterinsights_skip_tracking":false,"_monsterinsights_sitenote_active":false,"_monsterinsights_sitenote_note":"","_monsterinsights_sitenote_category":0,"_uf_show_specific_survey":0,"_uf_disable_surveys":false,"footnotes":""},"categories":[1],"tags":[],"class_list":["post-6614","post","type-post","status-publish","format-standard","hentry","category-uncategorized"],"aioseo_notices":[],"views":49,"_links":{"self":[{"href":"https:\/\/used82.com\/index.php?rest_route=\/wp\/v2\/posts\/6614","targetHints":{"allow":["GET"]}}],"collection":[{"href":"https:\/\/used82.com\/index.php?rest_route=\/wp\/v2\/posts"}],"about":[{"href":"https:\/\/used82.com\/index.php?rest_route=\/wp\/v2\/types\/post"}],"author":[{"embeddable":true,"href":"https:\/\/used82.com\/index.php?rest_route=\/wp\/v2\/users\/1"}],"replies":[{"embeddable":true,"href":"https:\/\/used82.com\/index.php?rest_route=%2Fwp%2Fv2%2Fcomments&post=6614"}],"version-history":[{"count":0,"href":"https:\/\/used82.com\/index.php?rest_route=\/wp\/v2\/posts\/6614\/revisions"}],"wp:attachment":[{"href":"https:\/\/used82.com\/index.php?rest_route=%2Fwp%2Fv2%2Fmedia&parent=6614"}],"wp:term":[{"taxonomy":"category","embeddable":true,"href":"https:\/\/used82.com\/index.php?rest_route=%2Fwp%2Fv2%2Fcategories&post=6614"},{"taxonomy":"post_tag","embeddable":true,"href":"https:\/\/used82.com\/index.php?rest_route=%2Fwp%2Fv2%2Ftags&post=6614"}],"curies":[{"name":"wp","href":"https:\/\/api.w.org\/{rel}","templated":true}]}}