{"id":6616,"date":"2023-12-23T16:06:04","date_gmt":"2023-12-23T16:06:04","guid":{"rendered":"https:\/\/used82.com\/?p=6616"},"modified":"2023-12-23T16:06:04","modified_gmt":"2023-12-23T16:06:04","slug":"kryeministri-britanik-sunak-ushtaret-tane-po-e-ruajne-paqen-ne-kosove","status":"publish","type":"post","link":"https:\/\/used82.com\/?p=6616","title":{"rendered":"Kryeministri britanik, Sunak: Ushtar\u00ebt tan\u00eb po e ruajn\u00eb paqen n\u00eb Kosov\u00eb"},"content":{"rendered":"<p><strong>Kryeministri britanik, Rishi Sunak p\u00ebrmes nj\u00eb video t\u00eb publikuar n\u00eb platform\u00ebn \u201cX\u201d, ka th\u00ebn\u00eb se ushtar\u00ebt e tyre jan\u00eb duke i b\u00ebr\u00eb krenar.<\/strong><\/p>\n<p>Ai ka p\u00ebrmendur Kosov\u00ebn, duke th\u00ebn\u00eb se ushtar\u00ebt britanik po japin kontributin e tyre p\u00ebr ruajtjen e paqes.<\/p>\n<p>\u201cK\u00ebt\u00eb vit, forcat tona t\u00eb armatosura t\u00eb shk\u00eblqyera na kan\u00eb b\u00ebr\u00eb krenar\u00eb edhe nj\u00eb her\u00eb. Nd\u00ebrsa flas, trupat britanike jan\u00eb atje n\u00eb t\u00eb ftoht\u00eb duke mbrojtur krahun lindor t\u00eb NATO-s n\u00eb Estoni dhe duke ruajtur paqen n\u00eb Kosov\u00eb\u201d, ka th\u00ebn\u00eb Sunak.<\/p>\n<p>Kujtojm\u00eb se rreth 200 ushtar\u00eb britanik\u00eb kishin arritur n\u00eb Kosov\u00eb pas sulmit terrorist q\u00eb kishte ndodhur n\u00eb veri, ku u vra rreshteri Afrim Bunjaku.<\/p>\n<p>Kryeministri i vendit, Albin Kurti sot n\u00eb nj\u00eb konferenc\u00eb p\u00ebr media me ministrin e Pun\u00ebve t\u00eb Brendshme t\u00eb Kosov\u00ebs, Xhelal Sve\u00e7la ngriti alarmin se Millan Radoji\u00e7iq dhe pjes\u00ebtar\u00eb t\u00eb Mbrojtjes Civile po p\u00ebrgatiten p\u00ebr\u00a0<a href=\"https:\/\/reporteri.net\/lajme\/radojiciq-po-vazhdon-pergatitjet-per-sulme-te-reja-sdeshiroj-te-kete-lufte-po-patrullojme-bashke-me-kfor-in-asociacioni-krejt-cfare-tha-sot-kurti-ne-konference-per-media\/\">sulme ndaj Kosov\u00ebs<\/a>, shkruan Reporteri.net.<\/p>\n<p>\u201cPas sulmit n\u00eb Banjsk\u00eb, Millan Radoji\u00e7iq u lirua n\u00eb koh\u00eb rekorde, por ai po vazhdon p\u00ebrgatitjet p\u00ebr sulme t\u00eb tjera n\u00eb Kosov\u00eb bashk\u00eb me disa pjes\u00ebtar\u00eb t\u00eb Mbrojtjes Civile\u201d, ka th\u00ebn\u00eb Kurti n\u00eb konferenc\u00eb.<\/p>\n","protected":false},"excerpt":{"rendered":"<p>Kryeministri britanik, Rishi Sunak p\u00ebrmes nj\u00eb video t\u00eb publikuar n\u00eb platform\u00ebn \u201cX\u201d, ka th\u00ebn\u00eb se&#8230;<\/p>\n","protected":false},"author":1,"featured_media":0,"comment_status":"open","ping_status":"open","sticky":false,"template":"","format":"standard","meta":{"om_disable_all_campaigns":false,"_monsterinsights_skip_tracking":false,"_monsterinsights_sitenote_active":false,"_monsterinsights_sitenote_note":"","_monsterinsights_sitenote_category":0,"_uf_show_specific_survey":0,"_uf_disable_surveys":false,"footnotes":""},"categories":[1],"tags":[],"class_list":["post-6616","post","type-post","status-publish","format-standard","hentry","category-uncategorized"],"aioseo_notices":[],"views":37,"_links":{"self":[{"href":"https:\/\/used82.com\/index.php?rest_route=\/wp\/v2\/posts\/6616","targetHints":{"allow":["GET"]}}],"collection":[{"href":"https:\/\/used82.com\/index.php?rest_route=\/wp\/v2\/posts"}],"about":[{"href":"https:\/\/used82.com\/index.php?rest_route=\/wp\/v2\/types\/post"}],"author":[{"embeddable":true,"href":"https:\/\/used82.com\/index.php?rest_route=\/wp\/v2\/users\/1"}],"replies":[{"embeddable":true,"href":"https:\/\/used82.com\/index.php?rest_route=%2Fwp%2Fv2%2Fcomments&post=6616"}],"version-history":[{"count":0,"href":"https:\/\/used82.com\/index.php?rest_route=\/wp\/v2\/posts\/6616\/revisions"}],"wp:attachment":[{"href":"https:\/\/used82.com\/index.php?rest_route=%2Fwp%2Fv2%2Fmedia&parent=6616"}],"wp:term":[{"taxonomy":"category","embeddable":true,"href":"https:\/\/used82.com\/index.php?rest_route=%2Fwp%2Fv2%2Fcategories&post=6616"},{"taxonomy":"post_tag","embeddable":true,"href":"https:\/\/used82.com\/index.php?rest_route=%2Fwp%2Fv2%2Ftags&post=6616"}],"curies":[{"name":"wp","href":"https:\/\/api.w.org\/{rel}","templated":true}]}}