{"id":6622,"date":"2023-12-23T16:14:12","date_gmt":"2023-12-23T16:14:12","guid":{"rendered":"https:\/\/used82.com\/?p=6622"},"modified":"2023-12-23T16:14:12","modified_gmt":"2023-12-23T16:14:12","slug":"svecla-jep-detaje-te-sulmit-terrorist-me-24-shtator-publikon-fotografi-nga-pozicionet-veturat-e-terroristeve","status":"publish","type":"post","link":"https:\/\/used82.com\/?p=6622","title":{"rendered":"Sve\u00e7la jep detaje t\u00eb sulmit terrorist m\u00eb 24 shtator, publikon fotografi nga pozicionet, veturat e terrorist\u00ebve"},"content":{"rendered":"<p><strong>Ministri i Pun\u00ebve t\u00eb Brendshme, Xhelal Sve\u00e7la ka dh\u00ebn\u00eb detaje lidhur me sulmin terrorist nga grupi i serb\u00ebve m\u00eb 24 shtator n\u00eb Banjsk\u00eb t\u00eb Zve\u00e7anit.<\/strong><\/p>\n<p>Ai ka treguar edhe p\u00ebr rrug\u00ebn q\u00eb \u00ebsht\u00eb p\u00ebrdorur nga grupi terrorist, shkruan Telegrafi, gjersa po ashtu ka njoftuar p\u00ebr lidhjet e grupit me shtetin serb.<\/p>\n<p>Ministri i Pun\u00ebve t\u00eb Brendshme p\u00ebrmes disa fotografive ka treguar edhe vendin ku \u00ebsht\u00eb plagosur polici Afrim Bunjaku, i cili m\u00eb pas ka nd\u00ebrruar jet\u00eb.<\/p>\n<p>Ministri Sve\u00e7la tha se grupi terrorist me an\u00eb t\u00eb nj\u00eb droni kishin monitoruar Policin\u00eb e Kosov\u00ebs.<\/p>\n<p>Ai njoftoi se n\u00eb ora 01:59 \u00ebsht\u00eb fotografia e par\u00eb e terrorist\u00ebve n\u00eb bujtin\u00eb, n\u00eb Manastirin Banjska.<\/p>\n<p>Ministri Sve\u00e7la m\u00eb tej tregon se n\u00eb ora 02:34 Nj\u00ebsitet policore raportojn\u00eb p\u00ebr bllokim t\u00eb rrug\u00ebs me dy kamin\u00eb n\u00eb Banjska.<\/p>\n<p>Sipas tij, n\u00eb ora 02:50 deri n\u00eb 02:55 n\u00eb vendin e ngjarjes jan\u00eb nisur dy nj\u00ebsi nga Stacioni Policor i Zve\u00e7anit.<\/p>\n<p>\u201cN\u00eb 03:06 ka ndodhur sulmi terrorist kund\u00ebr nj\u00ebsive t\u00eb Policis\u00eb s\u00eb Kosov\u00ebs, nga mina kund\u00ebr personelit dhe arm\u00eb t\u00eb tjera t\u00eb kalibrave t\u00eb ndrysh\u00ebm, ku t\u00eb plagosur kan\u00eb mbetur dy polic\u00eb t\u00eb Kosov\u00ebs.<\/p>\n<p>Nd\u00ebrkaq, n\u00eb ora 03:10 n\u00ebn t\u00eb sht\u00ebna t\u00eb forta n\u00eb drejtim t\u00eb Policis\u00eb s\u00eb Kosov\u00ebs, Policia e Kosov\u00ebs arrin t\u00eb t\u00ebrheq\u00eb efektivin e plagosur r\u00ebnd\u00eb Afrim Bunjaku, i cili m\u00eb pas nd\u00ebrroi jet\u00eb\u201d, tha ministri.<\/p>\n<p>Zve\u00e7la m\u00eb tej tregoi se n\u00eb ora 04:15 nj\u00ebsitet speciale t\u00eb Kosov\u00ebs jan\u00eb nisur n\u00eb vendngjarje.<\/p>\n<p>M\u00eb posht\u00eb n\u00eb fotografi mund t\u00eb shihni kronologjin\u00eb e ngjarjes.\u00a0<strong>\/Telegrafi\/<\/strong><\/p>\n<p>&nbsp;<\/p>\n<p><iframe loading=\"lazy\" src=\"https:\/\/www.facebook.com\/plugins\/video.php?height=314&amp;href=https%3A%2F%2Fwww.facebook.com%2Ftelegraficom%2Fvideos%2F1056052808750578%2F&amp;show_text=false&amp;width=560&amp;t=0\" width=\"560\" height=\"364\" frameborder=\"0\" scrolling=\"no\" allowfullscreen=\"allowfullscreen\" data-mce-fragment=\"1\"><\/iframe><\/p>\n<p><img loading=\"lazy\" decoding=\"async\" class=\"alignnone size-full wp-image-3872852\" src=\"https:\/\/telegrafi.com\/wp-content\/uploads\/2023\/12\/Screenshot_17-7.jpg\" alt=\"\" width=\"730\" height=\"471\" \/><\/p>\n<p><img loading=\"lazy\" decoding=\"async\" class=\"alignnone size-full wp-image-3872884\" src=\"https:\/\/telegrafi.com\/wp-content\/uploads\/2023\/12\/Screenshot_21-4.jpg\" alt=\"\" width=\"572\" height=\"333\" \/><\/p>\n<p><img loading=\"lazy\" decoding=\"async\" class=\"alignnone size-medium wp-image-3872845\" src=\"https:\/\/telegrafi.com\/wp-content\/uploads\/2023\/12\/Screenshot_10-18.jpg\" sizes=\"auto, (max-width: 745px) 100vw, 745px\" srcset=\"https:\/\/telegrafi.com\/wp-content\/uploads\/2023\/12\/Screenshot_10-18.jpg 745w, https:\/\/telegrafi.com\/wp-content\/uploads\/2023\/12\/Screenshot_10-18-1130x635.jpg 1130w, https:\/\/telegrafi.com\/wp-content\/uploads\/2023\/12\/Screenshot_10-18-780x439.jpg 780w\" alt=\"\" width=\"745\" height=\"418\" \/><\/p>\n<p><img loading=\"lazy\" decoding=\"async\" class=\"alignnone size-medium wp-image-3872846\" src=\"https:\/\/telegrafi.com\/wp-content\/uploads\/2023\/12\/Screenshot_11-16.jpg\" alt=\"\" width=\"574\" height=\"452\" \/><\/p>\n<p><img loading=\"lazy\" decoding=\"async\" class=\"alignnone size-medium wp-image-3872847\" src=\"https:\/\/telegrafi.com\/wp-content\/uploads\/2023\/12\/Screenshot_12-18.jpg\" alt=\"\" width=\"722\" height=\"463\" \/><\/p>\n<p><img loading=\"lazy\" decoding=\"async\" class=\"alignnone size-medium wp-image-3872848\" src=\"https:\/\/telegrafi.com\/wp-content\/uploads\/2023\/12\/Screenshot_13-22.jpg\" alt=\"\" width=\"677\" height=\"433\" \/><\/p>\n<p><img loading=\"lazy\" decoding=\"async\" class=\"alignnone size-medium wp-image-3872849\" src=\"https:\/\/telegrafi.com\/wp-content\/uploads\/2023\/12\/Screenshot_14-17.jpg\" alt=\"\" width=\"662\" height=\"429\" \/><\/p>\n<p><img loading=\"lazy\" decoding=\"async\" class=\"alignnone size-medium wp-image-3872850\" src=\"https:\/\/telegrafi.com\/wp-content\/uploads\/2023\/12\/Screenshot_15-19.jpg\" alt=\"\" width=\"730\" height=\"432\" \/><\/p>\n<p><img loading=\"lazy\" decoding=\"async\" class=\"alignnone size-medium wp-image-3872851\" src=\"https:\/\/telegrafi.com\/wp-content\/uploads\/2023\/12\/Screenshot_16-14.jpg\" alt=\"\" width=\"727\" height=\"458\" \/><\/p>\n<p><img loading=\"lazy\" decoding=\"async\" class=\"alignnone size-full wp-image-3872854\" src=\"https:\/\/telegrafi.com\/wp-content\/uploads\/2023\/12\/Screenshot_20-6.jpg\" alt=\"\" width=\"685\" height=\"472\" \/><\/p>\n<p><img loading=\"lazy\" decoding=\"async\" class=\"alignnone size-full wp-image-3872853\" src=\"https:\/\/telegrafi.com\/wp-content\/uploads\/2023\/12\/Screenshot_19-8.jpg\" alt=\"\" width=\"734\" height=\"461\" \/><\/p>\n","protected":false},"excerpt":{"rendered":"<p>Ministri i Pun\u00ebve t\u00eb Brendshme, Xhelal Sve\u00e7la ka dh\u00ebn\u00eb detaje lidhur me sulmin terrorist nga&#8230;<\/p>\n","protected":false},"author":1,"featured_media":0,"comment_status":"open","ping_status":"open","sticky":false,"template":"","format":"standard","meta":{"om_disable_all_campaigns":false,"_monsterinsights_skip_tracking":false,"_monsterinsights_sitenote_active":false,"_monsterinsights_sitenote_note":"","_monsterinsights_sitenote_category":0,"_uf_show_specific_survey":0,"_uf_disable_surveys":false,"footnotes":""},"categories":[1],"tags":[],"class_list":["post-6622","post","type-post","status-publish","format-standard","hentry","category-uncategorized"],"aioseo_notices":[],"views":27,"_links":{"self":[{"href":"https:\/\/used82.com\/index.php?rest_route=\/wp\/v2\/posts\/6622","targetHints":{"allow":["GET"]}}],"collection":[{"href":"https:\/\/used82.com\/index.php?rest_route=\/wp\/v2\/posts"}],"about":[{"href":"https:\/\/used82.com\/index.php?rest_route=\/wp\/v2\/types\/post"}],"author":[{"embeddable":true,"href":"https:\/\/used82.com\/index.php?rest_route=\/wp\/v2\/users\/1"}],"replies":[{"embeddable":true,"href":"https:\/\/used82.com\/index.php?rest_route=%2Fwp%2Fv2%2Fcomments&post=6622"}],"version-history":[{"count":0,"href":"https:\/\/used82.com\/index.php?rest_route=\/wp\/v2\/posts\/6622\/revisions"}],"wp:attachment":[{"href":"https:\/\/used82.com\/index.php?rest_route=%2Fwp%2Fv2%2Fmedia&parent=6622"}],"wp:term":[{"taxonomy":"category","embeddable":true,"href":"https:\/\/used82.com\/index.php?rest_route=%2Fwp%2Fv2%2Fcategories&post=6622"},{"taxonomy":"post_tag","embeddable":true,"href":"https:\/\/used82.com\/index.php?rest_route=%2Fwp%2Fv2%2Ftags&post=6622"}],"curies":[{"name":"wp","href":"https:\/\/api.w.org\/{rel}","templated":true}]}}