{"id":6625,"date":"2023-12-23T16:16:22","date_gmt":"2023-12-23T16:16:22","guid":{"rendered":"https:\/\/used82.com\/?p=6625"},"modified":"2023-12-23T16:16:22","modified_gmt":"2023-12-23T16:16:22","slug":"dibrani-te-dyshuarit-per-vrasjen-e-liridones-nuk-kane-mundesi-te-komunikojne-mes-vete","status":"publish","type":"post","link":"https:\/\/used82.com\/?p=6625","title":{"rendered":"Dibrani: T\u00eb dyshuarit p\u00ebr vrasjen e Liridon\u00ebs nuk kan\u00eb mund\u00ebsi t\u00eb komunikojn\u00eb mes vete"},"content":{"rendered":"<p><strong>Drejtori i Sh\u00ebrbimit Korrektues t\u00eb Kosov\u00ebs, Ismail Dibrani deklaron se kat\u00ebr t\u00eb dyshuarit p\u00ebr vrasjen e Liridona Ademajt po q\u00ebndrojn\u00eb n\u00eb kat\u00ebr institucione t\u00eb ndryshme korrektuese.<\/strong><\/p>\n<p>Ai mohon se t\u00eb nj\u00ebjtit kan\u00eb pasur mund\u00ebsi t\u00eb komunikojn\u00eb mes vete gjat\u00eb q\u00ebndrimit n\u00eb Burgun e Siguris\u00eb s\u00eb Lart\u00eb n\u00eb Dyz t\u00eb Podujev\u00ebs.<\/p>\n<p>Pas caktimit t\u00eb mas\u00ebs s\u00eb paraburgimit p\u00ebr Naim Murselin, Granit Plav\u00ebn e Kushtrim Kokall\u00ebn, u raportua se t\u00eb nj\u00ebjtit gjat\u00eb sh\u00ebtitjeve po q\u00ebndrojn\u00eb s\u00eb bashku.<\/p>\n<p>Drejtori i Burgjeve t\u00eb Kosov\u00ebs, Ismail Dibranit b\u00ebn t\u00eb ditur se bashk\u00eb me Prokurorin e Shtetit, kan\u00eb vendosur q\u00eb t\u00eb shp\u00ebrndajn\u00eb t\u00eb nj\u00ebjtit n\u00eb institucione t\u00eb ndryshme.<\/p>\n<p>\u201cN\u00eb asnj\u00eb rrethan\u00eb, n\u00eb asnj\u00eb moment, personat q\u00eb jan\u00eb t\u00eb nj\u00ebjt\u00ebs vep\u00ebr nuk vendos\u00ebn n\u00eb t\u00eb nj\u00ebjt\u00ebn dhom\u00eb. Mund t\u00eb vendosin n\u00eb t\u00eb nj\u00ebjtin burg, por natyrisht edhe rutinat edhe sh\u00ebtitjes duhet t\u00eb organizohen n\u00eb m\u00ebnyr\u00eb q\u00eb ata mos t\u00eb ken\u00eb kontakt nj\u00ebri me tjetrin.<\/p>\n<p>Nj\u00ebjt\u00eb p\u00ebr shkak t\u00eb situat\u00ebs s\u00eb r\u00ebnd\u00eb dhe debatit q\u00eb \u00ebsht\u00eb zhvilluar pothuajse n\u00eb t\u00eb gjitha mediat n\u00eb Kosov\u00eb, ne fillimisht i kemi vendosur sepse vepra e tyre ka qen\u00eb e r\u00ebnd\u00eb dhe \u00ebsht\u00eb dashur q\u00eb ata t\u00eb vendos\u00ebn n\u00eb Burgun e Siguris\u00eb s\u00eb Lart\u00eb.<\/p>\n<p>Si rezultat i k\u00ebsaj ata vler\u00ebsohen me rrezikshm\u00ebri shum\u00eb t\u00eb lart\u00eb deri n\u00eb takimin e komisionit p\u00ebr kategorizim, komision i cili vendos p\u00ebr t\u00eb ardhmen se si ata do t\u00eb trajtohen. Por duke marr\u00eb parasysh debatin q\u00eb \u00ebsht\u00eb zhvilluar n\u00eb opinion dhe rasti tashm\u00eb kishte marr\u00eb p\u00ebrmasat edhe jasht\u00eb Kosov\u00ebs, ne \u00ebsht\u00eb dashur n\u00eb konsultim me Prokurorin e Shtetit q\u00eb t\u2019i shp\u00ebrndajm\u00eb n\u00eb institucione t\u00eb ndryshme\u201d, deklaron ai.<\/p>\n<p>Edhe personi i kat\u00ebrt, i cili dyshohet q\u00eb ka furnizuar me arm\u00ebn e krimit, Naim Murselin dhe Granit Plav\u00ebn, Dibrani shton se \u00ebsht\u00eb d\u00ebrguar n\u00eb burg tjet\u00ebr.<\/p>\n<p>\u201cN\u00eb kat\u00ebr institucione t\u00eb ndryshme, n\u00eb Burgun e Siguris\u00eb s\u00eb Lart\u00eb, n\u00eb Burgun e Prishtin\u00ebs, n\u00eb Qendrat e Paraburgimit n\u00eb Gjilan dhe n\u00eb Qendr\u00ebn e Paraburgimit n\u00eb Pej\u00eb\u201d, shtoi Dibrani.<\/p>\n<p>Ai thot\u00eb se personat t\u00eb cil\u00ebt akuzohen p\u00ebr t\u00eb nj\u00ebjtin vep\u00ebr nuk kan\u00eb mund\u00ebsi kontakti me nj\u00ebri-tjetrin.<\/p>\n<p>\u201cN\u00eb asnj\u00eb moment ata nuk kan\u00eb q\u00ebndruar n\u00eb nj\u00eb dhom\u00eb, n\u00eb asnj\u00eb moment ata nuk kan\u00eb pasur mund\u00ebsi t\u00eb zhvillojn\u00eb sh\u00ebtitje t\u00eb p\u00ebrbashk\u00ebta por p\u00ebr t\u00eb qen\u00eb m\u00eb t\u00eb sigurt dhe p\u00ebr t\u00eb pasur mund\u00ebsi as stafi t\u00eb p\u00ebrcjell ndonj\u00eb mesazh tek nj\u00ebri-tjetri, edhe pse k\u00ebto nuk ndodhin, por p\u00ebr t\u2019u siguruar n\u00eb konsultim me Prokurorin e Shtetit, ne kemi vendosur q\u00eb k\u00ebta persona t\u00eb t\u2019i ndajm\u00eb n\u00eb institucione\u2026<\/p>\n<p>Jo vet\u00ebm k\u00ebta persona, por secilin person q\u00eb vije n\u00eb grup dhe \u00ebsht\u00eb i s\u00eb nj\u00ebjt\u00ebs vep\u00ebr, ata shp\u00ebrndahen n\u00eb institucione t\u00eb ndryshme apo n\u00eb t\u00eb nj\u00ebjt\u00ebn institucion por q\u00eb nuk kan\u00eb mund\u00ebsi kontakti me nj\u00ebri-tjetrin\u201d, p\u00ebrfundoi ai.<\/p>\n<div class=\"ai-viewport-1\" data-insertion-position=\"prepend\" data-selector=\".ai-insert-1-69885253\" data-insertion-no-dbg=\"\" data-code=\"PGRpdiBjbGFzcz0nY29kZS1ibG9jayBjb2RlLWJsb2NrLTEgY29kZS1ibG9jay1pbmFydGljbGUtZGVza3RvcCcgc3R5bGU9J21hcmdpbjogOHB4IGF1dG87IHRleHQtYWxpZ246IGNlbnRlcjsgZGlzcGxheTogYmxvY2s7IGNsZWFyOiBib3RoOyB3aWR0aDogMzAwcHg7IGhlaWdodDogMzAwcHg7IGJhY2tncm91bmQtY29sb3I6ICNmZmZmZmY7Jz4KCjxkaXYgZGF0YS1hZC11bml0LWlkPSIvMjI2NDY2NTcxMTgvSW4tYXJ0aWNsZV9ib3hfNC0yIj48L2Rpdj4KPC9kaXY+Cg==\" data-block=\"1\">\n<div class=\"code-block code-block-1 code-block-inarticle-desktop\">\n<div id=\"ad-id-\/22646657118\/in-article_box_4-2-7157885833058795\" data-ad-unit-id=\"\/22646657118\/In-article_box_4-2\">Vrasjen e Liridona Ademajt dyshohet se e ka organizuar bashk\u00ebshorti i saj, Naim Murseli. Ajo u vra m\u00eb 29 n\u00ebntor n\u00eb B\u00ebrnic\u00eb t\u00eb Prishtin\u00ebs.<\/div>\n<\/div>\n<\/div>\n","protected":false},"excerpt":{"rendered":"<p>Drejtori i Sh\u00ebrbimit Korrektues t\u00eb Kosov\u00ebs, Ismail Dibrani deklaron se kat\u00ebr t\u00eb dyshuarit p\u00ebr vrasjen&#8230;<\/p>\n","protected":false},"author":1,"featured_media":0,"comment_status":"open","ping_status":"open","sticky":false,"template":"","format":"standard","meta":{"om_disable_all_campaigns":false,"_monsterinsights_skip_tracking":false,"_monsterinsights_sitenote_active":false,"_monsterinsights_sitenote_note":"","_monsterinsights_sitenote_category":0,"_uf_show_specific_survey":0,"_uf_disable_surveys":false,"footnotes":""},"categories":[1],"tags":[],"class_list":["post-6625","post","type-post","status-publish","format-standard","hentry","category-uncategorized"],"aioseo_notices":[],"views":59,"_links":{"self":[{"href":"https:\/\/used82.com\/index.php?rest_route=\/wp\/v2\/posts\/6625","targetHints":{"allow":["GET"]}}],"collection":[{"href":"https:\/\/used82.com\/index.php?rest_route=\/wp\/v2\/posts"}],"about":[{"href":"https:\/\/used82.com\/index.php?rest_route=\/wp\/v2\/types\/post"}],"author":[{"embeddable":true,"href":"https:\/\/used82.com\/index.php?rest_route=\/wp\/v2\/users\/1"}],"replies":[{"embeddable":true,"href":"https:\/\/used82.com\/index.php?rest_route=%2Fwp%2Fv2%2Fcomments&post=6625"}],"version-history":[{"count":0,"href":"https:\/\/used82.com\/index.php?rest_route=\/wp\/v2\/posts\/6625\/revisions"}],"wp:attachment":[{"href":"https:\/\/used82.com\/index.php?rest_route=%2Fwp%2Fv2%2Fmedia&parent=6625"}],"wp:term":[{"taxonomy":"category","embeddable":true,"href":"https:\/\/used82.com\/index.php?rest_route=%2Fwp%2Fv2%2Fcategories&post=6625"},{"taxonomy":"post_tag","embeddable":true,"href":"https:\/\/used82.com\/index.php?rest_route=%2Fwp%2Fv2%2Ftags&post=6625"}],"curies":[{"name":"wp","href":"https:\/\/api.w.org\/{rel}","templated":true}]}}