{"id":6629,"date":"2023-12-23T16:20:23","date_gmt":"2023-12-23T16:20:23","guid":{"rendered":"https:\/\/used82.com\/?p=6629"},"modified":"2023-12-23T16:20:23","modified_gmt":"2023-12-23T16:20:23","slug":"video-perplaset-makina-e-gardes-me-djalin-e-gjyqtares-gjoka-dalin-pamjet-pas-aksidentit","status":"publish","type":"post","link":"https:\/\/used82.com\/?p=6629","title":{"rendered":"VIDEO\/P\u00ebrplaset makina e gard\u00ebs me djalin e gjyqtares Gjoka, dalin pamjet pas aksidentit"},"content":{"rendered":"<div class=\"td-post-content tagdiv-type\">\n<p>Publikohen dhe pamjet e aksidentit t\u00eb ndodhur mbr\u00ebm\u00eb n\u00eb Selit\u00eb.<\/p>\n<p>Nj\u00eb makin\u00eb private me targa t\u00eb huaja q\u00eb drejtohej nga nj\u00eb punonj\u00ebs i policis\u00eb Rrugore t\u00eb Elbasanit, Izidor Heta, e goditi nga pas makin\u00ebn e gard\u00ebs q\u00eb shoq\u00ebronte djalin e gjyqtares Irena Gjoka. Sipas d\u00ebshmis\u00eb s\u00eb shoferit polici, dyshohet se situata ka ardhur si pasoj\u00eb e lag\u00ebshtis\u00eb n\u00eb rrug\u00eb dhe shpejt\u00ebsis\u00eb, duke humbur kontrollin e automjetit.<\/p>\n<p>Megjithat\u00eb p\u00ebr rastin ka nisur nj\u00eb hetim i plot\u00eb edhe p\u00ebr shkak t\u00eb situat\u00ebs dhe sulmeve t\u00eb vazhdueshme ku gjendet gjyqtarja, e cila ka caktuar masat ndaj Sali Berish\u00ebs n\u00eb hetim p\u00ebr afer\u00ebn \u201cPartizani\u201d. P\u00ebr t\u00eb zbardhur ngjarjen po shihen edhe kamerat e siguris\u00eb, por nga hetimet e deritanishme gjith\u00e7ka i lihet aksidentales.<\/p>\n<p>M\u00eb 26 dhjetor Gjyqtarja Gjoka caktoi seanc\u00ebn p\u00ebr shqyrtimin e k\u00ebrkes\u00ebn e Prokuroris\u00eb s\u00eb Posa\u00e7me p\u00ebr z\u00ebvend\u00ebsuar mas\u00ebn e siguris\u00eb \u2018nga detyrim me paraqitje\u2019 n\u00eb \u2018arrest sht\u00ebpie\u2019 ndaj ish kryeministrit Sali Berisha i akuzuar p\u00ebr korrupsion pasiv n\u00eb bashk\u00ebpunim n\u00eb afer\u00ebn e privatizimit t\u00eb ish-kompleksit sportiv Partizani.<\/p>\n<p>K\u00ebrkesa erdhi pasi Kuvendi autorizoi nj\u00eb dit\u00eb m\u00eb par\u00eb SPAK p\u00ebr arrestin e Sali Berish\u00ebs, pasi refuzoi disa her\u00eb t\u00eb zbatonte detyrimin me paraqitje para oficeres gjyq\u00ebsore.<\/p>\n<p>P\u00ebr shkak t\u00eb detyr\u00ebs, gjyqtares anti-korrupsion, Irena Gjoka, i \u00ebsht\u00eb shtuar mbrojtja. Si drejtuese e gjykat\u00ebs s\u00eb Posa\u00e7me, Gjoka kishte pasur deri kat\u00ebr truproja, nd\u00ebrkoh\u00eb q\u00eb ky num\u00ebr i ishte shtuar n\u00eb gjasht\u00eb q\u00eb pas vendimit t\u00eb dat\u00ebs 20 tetor 2023 kur firmosi mas\u00ebn e arrestit \u2018detyrim me paraqitje\u2019 dhe ndalim t\u00eb udh\u00ebtimit jasht\u00eb p\u00ebr vet\u00eb Berish\u00ebn si dhe mas\u00ebn e arrestit me burg p\u00ebr Jamab\u00ebr Malltezin. T\u00eb dy akuzohen p\u00ebr korrupsion pasiv n\u00eb afer\u00ebn e privatizimit t\u00eb ish-kompleksit sportiv Partizani q\u00eb pasoi me nd\u00ebrtimin e 19 kullave dhe nj\u00eb fitim prej 5.4 milion\u00eb eurosh dh\u00ebndrit t\u00eb ish kryeministrit Berisha. Malltezi akuzohet edhe p\u00ebr pastrim parash.<\/p>\n<p><iframe loading=\"lazy\" title=\"YouTube video player\" src=\"https:\/\/www.youtube.com\/embed\/Jz2DBt6Up38?si=ddzh6ivGdTmTtLny\" width=\"100%\" height=\"315\" frameborder=\"0\" allowfullscreen=\"allowfullscreen\" data-mce-fragment=\"1\"><\/iframe><\/p>\n<\/div>\n","protected":false},"excerpt":{"rendered":"<p>Publikohen dhe pamjet e aksidentit t\u00eb ndodhur mbr\u00ebm\u00eb n\u00eb Selit\u00eb. Nj\u00eb makin\u00eb private me targa&#8230;<\/p>\n","protected":false},"author":1,"featured_media":0,"comment_status":"open","ping_status":"open","sticky":false,"template":"","format":"standard","meta":{"om_disable_all_campaigns":false,"_monsterinsights_skip_tracking":false,"_monsterinsights_sitenote_active":false,"_monsterinsights_sitenote_note":"","_monsterinsights_sitenote_category":0,"_uf_show_specific_survey":0,"_uf_disable_surveys":false,"footnotes":""},"categories":[1],"tags":[],"class_list":["post-6629","post","type-post","status-publish","format-standard","hentry","category-uncategorized"],"aioseo_notices":[],"views":26,"_links":{"self":[{"href":"https:\/\/used82.com\/index.php?rest_route=\/wp\/v2\/posts\/6629","targetHints":{"allow":["GET"]}}],"collection":[{"href":"https:\/\/used82.com\/index.php?rest_route=\/wp\/v2\/posts"}],"about":[{"href":"https:\/\/used82.com\/index.php?rest_route=\/wp\/v2\/types\/post"}],"author":[{"embeddable":true,"href":"https:\/\/used82.com\/index.php?rest_route=\/wp\/v2\/users\/1"}],"replies":[{"embeddable":true,"href":"https:\/\/used82.com\/index.php?rest_route=%2Fwp%2Fv2%2Fcomments&post=6629"}],"version-history":[{"count":0,"href":"https:\/\/used82.com\/index.php?rest_route=\/wp\/v2\/posts\/6629\/revisions"}],"wp:attachment":[{"href":"https:\/\/used82.com\/index.php?rest_route=%2Fwp%2Fv2%2Fmedia&parent=6629"}],"wp:term":[{"taxonomy":"category","embeddable":true,"href":"https:\/\/used82.com\/index.php?rest_route=%2Fwp%2Fv2%2Fcategories&post=6629"},{"taxonomy":"post_tag","embeddable":true,"href":"https:\/\/used82.com\/index.php?rest_route=%2Fwp%2Fv2%2Ftags&post=6629"}],"curies":[{"name":"wp","href":"https:\/\/api.w.org\/{rel}","templated":true}]}}