{"id":6641,"date":"2023-12-23T20:32:38","date_gmt":"2023-12-23T20:32:38","guid":{"rendered":"https:\/\/used82.com\/?p=6641"},"modified":"2023-12-23T20:32:38","modified_gmt":"2023-12-23T20:32:38","slug":"asnje-mundesi-kontakti-me-njeri-tjetrin-drejtori-i-burgjeve-tregon-se-ku-po-mbahen-naim-murseli-granit-plava-e-tre-personat-e-tjere-te-perfshire-ne-vrasjen-e-liridona-ademajt","status":"publish","type":"post","link":"https:\/\/used82.com\/?p=6641","title":{"rendered":"\u201cAsnj\u00eb mund\u00ebsi kontakti me nj\u00ebri-tjetrin\u201d- Drejtori i Burgjeve tregon se ku po mbahen Naim Murseli, Granit Plava e tre personat e tjer\u00eb t\u00eb p\u00ebrfshir\u00eb n\u00eb vrasjen e Liridona Ademajt"},"content":{"rendered":"<p>Kat\u00ebr t\u00eb dyshuarit kryesor\u00eb p\u00ebr vrasjen e Liridona Ademajt nuk kan\u00eb asnj\u00eb kontakt me nj\u00ebri-tjetrin, nd\u00ebrsa thuhet se po q\u00ebndrojn\u00eb n\u00eb qelit\u00eb e tyre t\u00eb paraburgimit n\u00eb kat\u00ebr burgje t\u00eb ndryshme.<\/p>\n<p>Drejtori i Sh\u00ebrbimit Korrektues t\u00eb Kosov\u00ebs, Ismail Dibrani, ka b\u00ebr\u00eb t\u00eb ditur se kat\u00ebr t\u00eb dyshuarit jan\u00eb duke q\u00ebndruar n\u00eb kat\u00ebr institucione t\u00eb ndryshme korrektuese.<\/p>\n<p>Ai ka th\u00ebn\u00eb se personat t\u00eb cil\u00ebt akuzohen lidhur me rastin e vrasjes s\u00eb Liridona Ademajt s\u2019kan\u00eb mund\u00ebsi kontakti me nj\u00ebri-tjetrin.<\/p>\n<p>\u201cKat\u00ebr t\u00eb dyshuarit po q\u00ebndrojn\u00eb n\u00eb institucione t\u00eb ndryshme korrektuese. N\u00eb Burgun e Siguris\u00eb s\u00eb Lart\u00eb, n\u00eb Burgun e Prishtin\u00ebs, n\u00eb Qendrat e Paraburgimit n\u00eb Gjilan dhe n\u00eb Qendr\u00ebn e Paraburgimit n\u00eb Pej\u00eb\u201d, ka th\u00ebn\u00eb Dibrani.<\/p>\n<p>\u201cSecilin person q\u00eb vjen n\u00eb grup dhe \u00ebsht\u00eb i s\u00eb nj\u00ebjt\u00ebs vep\u00ebr shp\u00ebrndahen n\u00eb institucione t\u00eb ndryshme, apo n\u00eb t\u00eb nj\u00ebjt\u00ebn institucion, por q\u00eb nuk kan\u00eb mund\u00ebsi t\u00eb kontaktojn\u00eb me nj\u00ebri-tjetrin\u201d, ka deklaruar Dibrani.<\/p>\n<p>Vrasjen e Liridona Ademajt m\u00eb 29 n\u00ebntor n\u00eb B\u00ebrnic\u00eb t\u00eb Prishtin\u00ebs dyshohet se e ka organizuar bashk\u00ebshorti i saj, Naim Murseli.<\/p>\n","protected":false},"excerpt":{"rendered":"<p>Kat\u00ebr t\u00eb dyshuarit kryesor\u00eb p\u00ebr vrasjen e Liridona Ademajt nuk kan\u00eb asnj\u00eb kontakt me nj\u00ebri-tjetrin,&#8230;<\/p>\n","protected":false},"author":1,"featured_media":0,"comment_status":"open","ping_status":"open","sticky":false,"template":"","format":"standard","meta":{"om_disable_all_campaigns":false,"_monsterinsights_skip_tracking":false,"_monsterinsights_sitenote_active":false,"_monsterinsights_sitenote_note":"","_monsterinsights_sitenote_category":0,"_uf_show_specific_survey":0,"_uf_disable_surveys":false,"footnotes":""},"categories":[1],"tags":[],"class_list":["post-6641","post","type-post","status-publish","format-standard","hentry","category-uncategorized"],"aioseo_notices":[],"views":41,"_links":{"self":[{"href":"https:\/\/used82.com\/index.php?rest_route=\/wp\/v2\/posts\/6641","targetHints":{"allow":["GET"]}}],"collection":[{"href":"https:\/\/used82.com\/index.php?rest_route=\/wp\/v2\/posts"}],"about":[{"href":"https:\/\/used82.com\/index.php?rest_route=\/wp\/v2\/types\/post"}],"author":[{"embeddable":true,"href":"https:\/\/used82.com\/index.php?rest_route=\/wp\/v2\/users\/1"}],"replies":[{"embeddable":true,"href":"https:\/\/used82.com\/index.php?rest_route=%2Fwp%2Fv2%2Fcomments&post=6641"}],"version-history":[{"count":0,"href":"https:\/\/used82.com\/index.php?rest_route=\/wp\/v2\/posts\/6641\/revisions"}],"wp:attachment":[{"href":"https:\/\/used82.com\/index.php?rest_route=%2Fwp%2Fv2%2Fmedia&parent=6641"}],"wp:term":[{"taxonomy":"category","embeddable":true,"href":"https:\/\/used82.com\/index.php?rest_route=%2Fwp%2Fv2%2Fcategories&post=6641"},{"taxonomy":"post_tag","embeddable":true,"href":"https:\/\/used82.com\/index.php?rest_route=%2Fwp%2Fv2%2Ftags&post=6641"}],"curies":[{"name":"wp","href":"https:\/\/api.w.org\/{rel}","templated":true}]}}