{"id":6643,"date":"2023-12-24T07:51:17","date_gmt":"2023-12-24T07:51:17","guid":{"rendered":"https:\/\/used82.com\/?p=6643"},"modified":"2023-12-24T07:51:17","modified_gmt":"2023-12-24T07:51:17","slug":"gara-per-te-parin-e-avokateve-ne-kosove-kandidati-me-serioz-besnik-berisha","status":"publish","type":"post","link":"https:\/\/used82.com\/?p=6643","title":{"rendered":"Gara p\u00ebr t\u00eb parin e avokat\u00ebve n\u00eb Kosov\u00eb, kandidati m\u00eb serioz Besnik Berisha"},"content":{"rendered":"<p><strong>Oda e Avokat\u00ebve t\u00eb Kosov\u00ebs, pritet t\u00eb zgjedh\u00eb kryetarin e saj t\u00eb ri n\u00eb zgjedhjet q\u00eb do t\u00eb mbahen n\u00eb muajin mars t\u00eb vitit t\u00eb ardhsh\u00ebm.<\/strong><\/p>\n<p>K\u00ebsaj gare pritet t\u2019i hyj\u00eb kryetari aktual i OAK, Behar Ejupi, avokati Yll zekaj, kryetari i avokat\u00ebve t\u00eb Prishtin\u00ebs Nasuf Hasani, si dhe avokati Besnik Berisha<\/p>\n<p>Nga k\u00ebta kanidat\u00eb potencial, deri m\u00eb tani kanidati m\u00eb serioz \u00ebsht\u00eb avokati me fam\u00eb Besnik Berisha.<\/p>\n<p>Pozita e t\u00eb parit t\u00eb avokat\u00ebve n\u00eb vend jo rrall\u00eb here ka ditur te zgjoj\u00eb d\u00ebbate q\u00eb p\u00ebrfundonin edhe me akuza t\u00eb r\u00ebnda.<\/p>\n<p>P\u00ebr k\u00ebt\u00eb, vite m\u00eb par\u00eb, InDoks \u2013 prodhim i Insajderit pati transmetuar dokumentarin \u201cOda e akuz\u00ebve\u201d, q\u00eb mund ta shikoni t\u00eb plot\u00eb k\u00ebtu:<\/p>\n<figure class=\"wp-block-embed is-type-video is-provider-youtube wp-block-embed-youtube wp-embed-aspect-16-9 wp-has-aspect-ratio\">\n<div class=\"wp-block-embed__wrapper\"><iframe loading=\"lazy\" title=\"InDoks | Oda e akuzave\" src=\"https:\/\/www.youtube.com\/embed\/yWmVdzsk4sk?feature=oembed\" width=\"640\" height=\"360\" frameborder=\"0\" allowfullscreen=\"allowfullscreen\" data-mce-fragment=\"1\"><\/iframe><\/div>\n<\/figure>\n<p>Dy\u00a0 avokat\u00eb q\u00eb jan\u00eb n\u00eb gar\u00eb p\u00ebr Kryetar t\u00eb OAK, Besnik Berisha e Nasuf Hasani s\u00eb fundmi kan\u00eb pasur edhe nj\u00eb \u2018betej\u00eb\u201d brenda Od\u00ebs ku i nd\u00ebshkuar p\u00ebrfundoi Hasani.<\/p>\n","protected":false},"excerpt":{"rendered":"<p>Oda e Avokat\u00ebve t\u00eb Kosov\u00ebs, pritet t\u00eb zgjedh\u00eb kryetarin e saj t\u00eb ri n\u00eb zgjedhjet&#8230;<\/p>\n","protected":false},"author":1,"featured_media":0,"comment_status":"open","ping_status":"open","sticky":false,"template":"","format":"standard","meta":{"om_disable_all_campaigns":false,"_monsterinsights_skip_tracking":false,"_monsterinsights_sitenote_active":false,"_monsterinsights_sitenote_note":"","_monsterinsights_sitenote_category":0,"_uf_show_specific_survey":0,"_uf_disable_surveys":false,"footnotes":""},"categories":[1],"tags":[],"class_list":["post-6643","post","type-post","status-publish","format-standard","hentry","category-uncategorized"],"aioseo_notices":[],"views":26,"_links":{"self":[{"href":"https:\/\/used82.com\/index.php?rest_route=\/wp\/v2\/posts\/6643","targetHints":{"allow":["GET"]}}],"collection":[{"href":"https:\/\/used82.com\/index.php?rest_route=\/wp\/v2\/posts"}],"about":[{"href":"https:\/\/used82.com\/index.php?rest_route=\/wp\/v2\/types\/post"}],"author":[{"embeddable":true,"href":"https:\/\/used82.com\/index.php?rest_route=\/wp\/v2\/users\/1"}],"replies":[{"embeddable":true,"href":"https:\/\/used82.com\/index.php?rest_route=%2Fwp%2Fv2%2Fcomments&post=6643"}],"version-history":[{"count":0,"href":"https:\/\/used82.com\/index.php?rest_route=\/wp\/v2\/posts\/6643\/revisions"}],"wp:attachment":[{"href":"https:\/\/used82.com\/index.php?rest_route=%2Fwp%2Fv2%2Fmedia&parent=6643"}],"wp:term":[{"taxonomy":"category","embeddable":true,"href":"https:\/\/used82.com\/index.php?rest_route=%2Fwp%2Fv2%2Fcategories&post=6643"},{"taxonomy":"post_tag","embeddable":true,"href":"https:\/\/used82.com\/index.php?rest_route=%2Fwp%2Fv2%2Ftags&post=6643"}],"curies":[{"name":"wp","href":"https:\/\/api.w.org\/{rel}","templated":true}]}}