{"id":6647,"date":"2023-12-24T07:57:49","date_gmt":"2023-12-24T07:57:49","guid":{"rendered":"https:\/\/used82.com\/?p=6647"},"modified":"2023-12-24T07:57:49","modified_gmt":"2023-12-24T07:57:49","slug":"shqiperia-krah-kosoves-do-te-dergoje-trupa-shtese","status":"publish","type":"post","link":"https:\/\/used82.com\/?p=6647","title":{"rendered":"Shqip\u00ebria krah Kosov\u00ebs: Do t\u00eb d\u00ebrgoj\u00eb trupa shtes\u00eb"},"content":{"rendered":"<h2>Shqip\u00ebria do t\u00eb d\u00ebrgoj\u00eb trupa shtes\u00eb n\u00eb misionin paqeruajt\u00ebs t\u00eb NATO-s n\u00eb Kosov\u00eb.<\/h2>\n<p>Shtimi i trupave t\u00eb KFOR-it n\u00eb Kosov\u00eb po ndodh\u00eb ve\u00e7an\u00ebrisht pas sulmit terrorist serb, m\u00eb 24 shtator n\u00eb Banjsk\u00eb t\u00eb veriut t\u00eb Kosov\u00ebs.<\/p>\n<p>Ambasadori i Shqip\u00ebris\u00eb n\u00eb Kosov\u00eb, Petrit Malaj duke folur p\u00ebr situat\u00ebn e siguris\u00eb n\u00eb Kosov\u00eb, thekson se rreziku p\u00ebr ndonj\u00eb sulm tjet\u00ebr nga Serbia mund t\u00eb jet\u00eb permanent.<\/p>\n<p>Diplomati shqiptar thekson p\u00ebr KosovaPress, se vitin tjet\u00ebr do t\u00eb sjellin edhe 40 trupa shtes\u00eb n\u00eb kuad\u00ebr t\u00eb KFOR-it.<\/p>\n<p>Ambasadori Malaj ka th\u00ebn\u00eb se aktualisht numri i ushtar\u00ebve t\u00eb Shqip\u00ebris\u00eb n\u00eb kuad\u00ebr t\u00eb misionit t\u00eb NATO-s, n\u00eb Kosov\u00eb \u00ebsht\u00eb mbi 100.<\/p>\n<p>Diplomati Malaj ka komentuar edhe deklaratat e presidentes s\u00eb Kosov\u00ebs, Vjosa Osmani se \u201cSerbia po planifikon sulme t\u00eb reja\u201d.<\/p>\n<p>Krer\u00ebt shtet\u00ebror kosovar\u00eb vler\u00ebsojn\u00eb rrezikun q\u00eb vjen nga Serbia p\u00ebr paqen dhe sigurin\u00eb n\u00eb vend dhe rajon.<\/p>\n<p>Presidentja e Kosov\u00ebs Vjosa Osmani dit\u00eb m\u00eb par\u00eb n\u00eb takimin e samitit t\u00eb BE-s\u00eb me Ballkanin Per\u00ebndimor ka informuar lider\u00ebt evropian\u00eb, si\u00e7 ka th\u00ebn\u00eb ajo mbi rrezikun q\u00eb vjen nga Serbia p\u00ebr paqen dhe sigurin\u00eb n\u00eb vend dhe rajon.<\/p>\n<p>Gjeneral brigade Bundes\u00ebehr-it Ralf Hammerstein, ka th\u00ebn\u00eb k\u00ebto dit\u00eb se siguria n\u00eb Kosov\u00eb po p\u00ebrkeq\u00ebsohet duksh\u00ebm dhe NATO po e shton pranin\u00eb e saj n\u00eb pranver\u00eb, edhe me ndihm\u00ebn e Bundes\u00ebehr-it \u2013 forcat e armatosura t\u00eb Gjermanis\u00eb.<\/p>\n<p>Po ashtu Instituti amerikan Robert Lansing ka shprehur shqet\u00ebsime p\u00ebr sulme t\u00eb reja nga Serbia n\u00eb Kosov\u00eb, ve\u00e7an\u00ebrisht pas incidentit t\u00eb 24 shtatorit.<\/p>\n","protected":false},"excerpt":{"rendered":"<p>Shqip\u00ebria do t\u00eb d\u00ebrgoj\u00eb trupa shtes\u00eb n\u00eb misionin paqeruajt\u00ebs t\u00eb NATO-s n\u00eb Kosov\u00eb. Shtimi i&#8230;<\/p>\n","protected":false},"author":1,"featured_media":0,"comment_status":"open","ping_status":"open","sticky":false,"template":"","format":"standard","meta":{"om_disable_all_campaigns":false,"_monsterinsights_skip_tracking":false,"_monsterinsights_sitenote_active":false,"_monsterinsights_sitenote_note":"","_monsterinsights_sitenote_category":0,"_uf_show_specific_survey":0,"_uf_disable_surveys":false,"footnotes":""},"categories":[1],"tags":[],"class_list":["post-6647","post","type-post","status-publish","format-standard","hentry","category-uncategorized"],"aioseo_notices":[],"views":30,"_links":{"self":[{"href":"https:\/\/used82.com\/index.php?rest_route=\/wp\/v2\/posts\/6647","targetHints":{"allow":["GET"]}}],"collection":[{"href":"https:\/\/used82.com\/index.php?rest_route=\/wp\/v2\/posts"}],"about":[{"href":"https:\/\/used82.com\/index.php?rest_route=\/wp\/v2\/types\/post"}],"author":[{"embeddable":true,"href":"https:\/\/used82.com\/index.php?rest_route=\/wp\/v2\/users\/1"}],"replies":[{"embeddable":true,"href":"https:\/\/used82.com\/index.php?rest_route=%2Fwp%2Fv2%2Fcomments&post=6647"}],"version-history":[{"count":0,"href":"https:\/\/used82.com\/index.php?rest_route=\/wp\/v2\/posts\/6647\/revisions"}],"wp:attachment":[{"href":"https:\/\/used82.com\/index.php?rest_route=%2Fwp%2Fv2%2Fmedia&parent=6647"}],"wp:term":[{"taxonomy":"category","embeddable":true,"href":"https:\/\/used82.com\/index.php?rest_route=%2Fwp%2Fv2%2Fcategories&post=6647"},{"taxonomy":"post_tag","embeddable":true,"href":"https:\/\/used82.com\/index.php?rest_route=%2Fwp%2Fv2%2Ftags&post=6647"}],"curies":[{"name":"wp","href":"https:\/\/api.w.org\/{rel}","templated":true}]}}