{"id":6660,"date":"2023-12-24T12:03:43","date_gmt":"2023-12-24T12:03:43","guid":{"rendered":"https:\/\/used82.com\/?p=6660"},"modified":"2023-12-24T12:03:53","modified_gmt":"2023-12-24T12:03:53","slug":"ekskluzive-zbulohet-identiteti-i-prizrenasit-qe-dyshohet-se-ia-theu-hunden-zyrtarit-policor","status":"publish","type":"post","link":"https:\/\/used82.com\/?p=6660","title":{"rendered":"Ekskluzive: Zbulohet identiteti i prizrenasit q\u00eb dyshohet se ia theu hund\u00ebn zyrtarit policor"},"content":{"rendered":"<p><strong>Gazeta Sinjali sot raportoi p\u00ebr nj\u00eb rast t\u00eb r\u00ebnd\u00eb q\u00eb ka ndodhur mbr\u00ebm\u00eb n\u00eb Prizren, ku nj\u00eb person dyshohet se ka sulmuar nj\u00eb zyrtar policor q\u00eb shkoi t\u00eb intervenoj\u00eb n\u00eb rastin ku ishte p\u00ebrfshir\u00eb i dyshuari. 33-vje\u00e7ari \u00ebsht\u00eb arrestuar dhe tashm\u00eb ndodhet n\u00ebn mas\u00ebn e ndalimit policor.<\/strong><\/p>\n<p>Sinjali m\u00ebson ekskluzivisht se i dyshuari \u00ebsht\u00eb\u00a0<strong><em>Dibran Kastrati.<\/em><\/strong><\/p>\n<p>E gjith\u00eb ngjarja dyshohet t\u00eb ket\u00eb ndodhur pasi Kastrati \u00ebsht\u00eb p\u00ebrfshir\u00eb n\u00eb nj\u00eb p\u00ebrleshje tjet\u00ebr, e q\u00eb kishte aktivizuar Policin\u00eb q\u00eb t\u00eb dalin p\u00ebr intervenim n\u00eb vendngjarjes.<\/p>\n<p>Gjat\u00eb arrestimit, Kastrati dyshohet se ka goditur policin e ekipit intervenues dhe t\u00eb nj\u00ebjtit i ka shkaktuar l\u00ebndime t\u00eb r\u00ebnda trupore. Zyrtar\u00ebt tjer\u00eb policor\u00eb kan\u00eb arritur q\u00eb ta v\u00ebn\u00eb n\u00ebn kontroll t\u00eb dyshuarin, i cili \u00ebsht\u00eb shoq\u00ebruar n\u00eb stacion.<\/p>\n<p>Nd\u00ebrsa zyrtari policor \u00ebsht\u00eb d\u00ebrguar n\u00eb Emergjenc\u00ebn e Spitalit Rajonal n\u00eb Prizren, ku sipas burimeve t\u00eb Sinjalit, pas ekzaminimeve mjek\u00ebsore \u00ebsht\u00eb konstatuar se shkaku i goditjes ka p\u00ebsuar fraktur\u00eb n\u00eb hund\u00eb.<\/p>\n<p>I dyshuari pasi i \u00ebsht\u00eb n\u00ebnshtruar testit t\u00eb alkoolit, ka rezultuar n\u00eb gjendje t\u00eb dehur dhe t\u00eb nj\u00ebjtit po ashtu i \u00ebsht\u00eb ofruar edhe ndihm\u00eb mjek\u00ebsore.<\/p>\n<p>Pas p\u00ebrfundimit t\u00eb procedurave policore, Prokurori i Shtetit ka nxjerr\u00eb aktvendim q\u00eb 33-vje\u00e7arit t\u2019i caktohet masa e ndalimit policor dhe i nj\u00ebjti do t\u00eb hetohet n\u00ebn dyshimet p\u00ebr kryerjen e vepr\u00ebs penale \u2018Sulm ndaj personit zyrtar\u2019.<\/p>\n","protected":false},"excerpt":{"rendered":"<p>Gazeta Sinjali sot raportoi p\u00ebr nj\u00eb rast t\u00eb r\u00ebnd\u00eb q\u00eb ka ndodhur mbr\u00ebm\u00eb n\u00eb Prizren,&#8230;<\/p>\n","protected":false},"author":1,"featured_media":0,"comment_status":"open","ping_status":"open","sticky":false,"template":"","format":"standard","meta":{"om_disable_all_campaigns":false,"_monsterinsights_skip_tracking":false,"_monsterinsights_sitenote_active":false,"_monsterinsights_sitenote_note":"","_monsterinsights_sitenote_category":0,"_uf_show_specific_survey":0,"_uf_disable_surveys":false,"footnotes":""},"categories":[1],"tags":[],"class_list":["post-6660","post","type-post","status-publish","format-standard","hentry","category-uncategorized"],"aioseo_notices":[],"views":20,"_links":{"self":[{"href":"https:\/\/used82.com\/index.php?rest_route=\/wp\/v2\/posts\/6660","targetHints":{"allow":["GET"]}}],"collection":[{"href":"https:\/\/used82.com\/index.php?rest_route=\/wp\/v2\/posts"}],"about":[{"href":"https:\/\/used82.com\/index.php?rest_route=\/wp\/v2\/types\/post"}],"author":[{"embeddable":true,"href":"https:\/\/used82.com\/index.php?rest_route=\/wp\/v2\/users\/1"}],"replies":[{"embeddable":true,"href":"https:\/\/used82.com\/index.php?rest_route=%2Fwp%2Fv2%2Fcomments&post=6660"}],"version-history":[{"count":0,"href":"https:\/\/used82.com\/index.php?rest_route=\/wp\/v2\/posts\/6660\/revisions"}],"wp:attachment":[{"href":"https:\/\/used82.com\/index.php?rest_route=%2Fwp%2Fv2%2Fmedia&parent=6660"}],"wp:term":[{"taxonomy":"category","embeddable":true,"href":"https:\/\/used82.com\/index.php?rest_route=%2Fwp%2Fv2%2Fcategories&post=6660"},{"taxonomy":"post_tag","embeddable":true,"href":"https:\/\/used82.com\/index.php?rest_route=%2Fwp%2Fv2%2Ftags&post=6660"}],"curies":[{"name":"wp","href":"https:\/\/api.w.org\/{rel}","templated":true}]}}