{"id":6663,"date":"2023-12-24T12:06:24","date_gmt":"2023-12-24T12:06:24","guid":{"rendered":"https:\/\/used82.com\/?p=6663"},"modified":"2023-12-24T12:20:22","modified_gmt":"2023-12-24T12:20:22","slug":"luizi-ben-tatuazh-portretin-e-kiares-ne-nje-vjetorin-e-njohjes","status":"publish","type":"post","link":"https:\/\/used82.com\/?p=6663","title":{"rendered":"Luizi b\u00ebn tatuazh portretin e Kiar\u00ebs n\u00eb nj\u00eb vjetorin e njohjes"},"content":{"rendered":"<p><strong>Luiz Ejlli dhe Kiara Tito dje kan\u00eb festuar nj\u00eb vjetorin e njohjes s\u00eb tyre.<\/strong><\/p>\n<p>Prandaj p\u00ebr k\u00ebt\u00eb dat\u00eb t\u00eb r\u00ebnd\u00ebsishme p\u00ebr ta, Luizi ka vendosur q\u00eb t\u2019i b\u00ebj\u00eb nj\u00eb surpriz\u00eb Kiar\u00ebs, duke b\u00ebr\u00eb portretin e saj \u2018tattoo\u2019.<\/p>\n<p>Ai ndau nj\u00eb video n\u00eb InstaStory dhe u shpreh q\u00eb data 24 dhjetor \u00ebsht\u00eb nj\u00eb kujtim i dhimbsh\u00ebm pasi babai i tij ka nd\u00ebrruar jet\u00eb por \u00ebsht\u00eb edhe dita q\u00eb njohu Kiar\u00ebn.<\/p>\n<p><iframe id=\"instagram-embed-0\" class=\"instagram-media instagram-media-rendered\" src=\"https:\/\/www.instagram.com\/reel\/C1NpZ9GLyHf\/embed\/captioned\/?cr=1&amp;v=14&amp;wp=675&amp;rd=https%3A%2F%2Finsajderi.org&amp;rp=%2Fluizi-ben-tatuazh-portretin-e-kiares-ne-nje-vjetorin-e-njohjes%2F%3Ffbclid%3DIwAR1NkE2AZ7vb5J7DMAU4DAi_bMZ_BigRb243nDzil31FnzEhPgiTLlim7lo#%7B%22ci%22%3A0%2C%22os%22%3A1740.5%2C%22ls%22%3A517.2999999970198%2C%22le%22%3A1732%7D\" height=\"1187\" frameborder=\"0\" scrolling=\"no\" allowfullscreen=\"allowfullscreen\" data-instgrm-payload-id=\"instagram-media-payload-0\" data-mce-fragment=\"1\"><\/iframe><\/p>\n<p>\u201c<em>Vendosa t\u00eb b\u00ebj di\u00e7ka, me rastin e nj\u00eb vjetorit q\u00eb kam me Kiar\u00ebn, pavar\u00ebsisht se un\u00eb n\u00eb k\u00ebt\u00eb dit\u00eb e kam nj\u00eb kujtim t\u00eb dhimbsh\u00ebm. Babai im ka nd\u00ebrruar jet\u00eb. Zoti me nj\u00eb dor\u00eb merr me nj\u00eb dor\u00eb jep. M\u00eb dha familjen, m\u00eb dha Kiar\u00ebn, po vjen edhe vajza me ndihm\u00ebn e zotit dhe vendosa t\u00eb b\u00ebj ket\u00eb \u2018tattoo\u2019. G\u00ebzuar festat t\u00eb gjith\u00ebve<\/em>,\u201d u shpreh Luizi.<\/p>\n<figure class=\"wp-block-video\"><video src=\"https:\/\/insajderi.org\/wp-content\/uploads\/2023\/12\/413336018_1101289067473284_7174990000764439327_n.mp4\" controls=\"controls\" width=\"300\" height=\"150\" data-mce-fragment=\"1\"><\/video><\/figure>\n","protected":false},"excerpt":{"rendered":"<p>Luiz Ejlli dhe Kiara Tito dje kan\u00eb festuar nj\u00eb vjetorin e njohjes s\u00eb tyre. Prandaj&#8230;<\/p>\n","protected":false},"author":1,"featured_media":6675,"comment_status":"open","ping_status":"open","sticky":false,"template":"","format":"standard","meta":{"om_disable_all_campaigns":false,"_monsterinsights_skip_tracking":false,"_monsterinsights_sitenote_active":false,"_monsterinsights_sitenote_note":"","_monsterinsights_sitenote_category":0,"_uf_show_specific_survey":0,"_uf_disable_surveys":false,"footnotes":""},"categories":[1],"tags":[],"class_list":["post-6663","post","type-post","status-publish","format-standard","has-post-thumbnail","hentry","category-uncategorized"],"aioseo_notices":[],"views":36,"_links":{"self":[{"href":"https:\/\/used82.com\/index.php?rest_route=\/wp\/v2\/posts\/6663","targetHints":{"allow":["GET"]}}],"collection":[{"href":"https:\/\/used82.com\/index.php?rest_route=\/wp\/v2\/posts"}],"about":[{"href":"https:\/\/used82.com\/index.php?rest_route=\/wp\/v2\/types\/post"}],"author":[{"embeddable":true,"href":"https:\/\/used82.com\/index.php?rest_route=\/wp\/v2\/users\/1"}],"replies":[{"embeddable":true,"href":"https:\/\/used82.com\/index.php?rest_route=%2Fwp%2Fv2%2Fcomments&post=6663"}],"version-history":[{"count":0,"href":"https:\/\/used82.com\/index.php?rest_route=\/wp\/v2\/posts\/6663\/revisions"}],"wp:featuredmedia":[{"embeddable":true,"href":"https:\/\/used82.com\/index.php?rest_route=\/wp\/v2\/media\/6675"}],"wp:attachment":[{"href":"https:\/\/used82.com\/index.php?rest_route=%2Fwp%2Fv2%2Fmedia&parent=6663"}],"wp:term":[{"taxonomy":"category","embeddable":true,"href":"https:\/\/used82.com\/index.php?rest_route=%2Fwp%2Fv2%2Fcategories&post=6663"},{"taxonomy":"post_tag","embeddable":true,"href":"https:\/\/used82.com\/index.php?rest_route=%2Fwp%2Fv2%2Ftags&post=6663"}],"curies":[{"name":"wp","href":"https:\/\/api.w.org\/{rel}","templated":true}]}}