{"id":6667,"date":"2023-12-24T12:10:33","date_gmt":"2023-12-24T12:10:33","guid":{"rendered":"https:\/\/used82.com\/?p=6667"},"modified":"2023-12-24T12:10:33","modified_gmt":"2023-12-24T12:10:33","slug":"osmani-uron-besimtaret-e-krishtere-krishtlindja-eshte-nje-kohe-reflektimi-e-solidariteti","status":"publish","type":"post","link":"https:\/\/used82.com\/?p=6667","title":{"rendered":"Osmani uron besimtar\u00ebt e krishter\u00eb: Krishtlindja \u00ebsht\u00eb nj\u00eb koh\u00eb reflektimi e solidariteti"},"content":{"rendered":"<p><strong>Presidentja Vjosa Osmani ka uruar besimtar\u00ebt e krishter\u00eb me rastin e Krishtlindjes.<\/strong><\/p>\n<p>Osmani thot\u00eb se Krishtlindja \u00ebsht\u00eb nj\u00eb koh\u00eb reflektimi e solidariteti, teksa zemrat dhe sht\u00ebpit\u00eb jan\u00eb t\u00eb mbushura me shpres\u00eb e optimiz\u00ebm.<\/p>\n<p>\u201c<em>N\u00eb k\u00ebt\u00eb dit\u00eb kremte, le t`i kujtojm\u00eb ata q\u00eb mund t\u00eb p\u00ebrballen me sfida dhe t\u2019ua shtrijm\u00eb dor\u00ebn e mir\u00ebsis\u00eb e dhembshuris\u00eb. Qoft\u00eb kjo fest\u00eb e mbushur me dashuri, paqe dhe g\u00ebzim p\u00ebr secil\u00ebn familje! G\u00ebzuar p\u00ebr shum\u00eb mot<\/em>\u201d, tha presidentja.<\/p>\n<p>Krishtlindja \u00ebsht\u00eb nj\u00eb nga kremtimet m\u00eb t\u00eb r\u00ebnd\u00ebsishme n\u00eb kalendarin festave t\u00eb krishtera, e cila festohet \u00e7do dat\u00eb 25 dhjetor p\u00ebr t\u00eb kujtuar lindjen e shp\u00ebtimtarit Jezu Krisht.<\/p>\n","protected":false},"excerpt":{"rendered":"<p>Presidentja Vjosa Osmani ka uruar besimtar\u00ebt e krishter\u00eb me rastin e Krishtlindjes. Osmani thot\u00eb se&#8230;<\/p>\n","protected":false},"author":1,"featured_media":0,"comment_status":"open","ping_status":"open","sticky":false,"template":"","format":"standard","meta":{"om_disable_all_campaigns":false,"_monsterinsights_skip_tracking":false,"_monsterinsights_sitenote_active":false,"_monsterinsights_sitenote_note":"","_monsterinsights_sitenote_category":0,"_uf_show_specific_survey":0,"_uf_disable_surveys":false,"footnotes":""},"categories":[1],"tags":[],"class_list":["post-6667","post","type-post","status-publish","format-standard","hentry","category-uncategorized"],"aioseo_notices":[],"views":34,"_links":{"self":[{"href":"https:\/\/used82.com\/index.php?rest_route=\/wp\/v2\/posts\/6667","targetHints":{"allow":["GET"]}}],"collection":[{"href":"https:\/\/used82.com\/index.php?rest_route=\/wp\/v2\/posts"}],"about":[{"href":"https:\/\/used82.com\/index.php?rest_route=\/wp\/v2\/types\/post"}],"author":[{"embeddable":true,"href":"https:\/\/used82.com\/index.php?rest_route=\/wp\/v2\/users\/1"}],"replies":[{"embeddable":true,"href":"https:\/\/used82.com\/index.php?rest_route=%2Fwp%2Fv2%2Fcomments&post=6667"}],"version-history":[{"count":0,"href":"https:\/\/used82.com\/index.php?rest_route=\/wp\/v2\/posts\/6667\/revisions"}],"wp:attachment":[{"href":"https:\/\/used82.com\/index.php?rest_route=%2Fwp%2Fv2%2Fmedia&parent=6667"}],"wp:term":[{"taxonomy":"category","embeddable":true,"href":"https:\/\/used82.com\/index.php?rest_route=%2Fwp%2Fv2%2Fcategories&post=6667"},{"taxonomy":"post_tag","embeddable":true,"href":"https:\/\/used82.com\/index.php?rest_route=%2Fwp%2Fv2%2Ftags&post=6667"}],"curies":[{"name":"wp","href":"https:\/\/api.w.org\/{rel}","templated":true}]}}